{"id":19510,"date":"2024-03-15T19:18:45","date_gmt":"2024-03-15T22:18:45","guid":{"rendered":"https:\/\/jornalcorporativo.com.br\/?p=19510"},"modified":"2024-03-15T19:18:51","modified_gmt":"2024-03-15T22:18:51","slug":"onda-de-calor-pode-ser-mais-prejudicial-para-quem-tem-doencas-no-coracao","status":"publish","type":"post","link":"https:\/\/jornalcorporativo.com.br\/en\/brasil\/onda-de-calor-pode-ser-mais-prejudicial-para-quem-tem-doencas-no-coracao\/","title":{"rendered":"Onda de calor pode ser mais prejudicial para quem tem doen\u00e7as no cora\u00e7\u00e3o"},"content":{"rendered":"<p class=\"wp-block-paragraph\">Parte do Brasil enfrenta agora a terceira onda de calor de 2024.<\/p>\n\n\n\n<p class=\"wp-block-paragraph\">\u00c1reas do Sul, Sudeste e Centro-Oeste do Brasil enfrentam nesta semana (11 a 15 de mar\u00e7o) uma nova onda de calor, segundo alerta do Instituto Nacional de Meteorologia (Inmet), com temperaturas que podem chegar a 40\u00b0C em alguns locais.<\/p>\n\n\n\n<p class=\"wp-block-paragraph\">Com a previs\u00e3o de temperatura 5\u00baC acima da m\u00e9dia por tr\u00eas a cinco dias, o Inmet emitiu um alerta de perigo pelo risco \u00e0 sa\u00fade.<\/p>\n\n\n\n<p class=\"wp-block-paragraph\">Onda de calor: como o organismo tenta se adaptar<br>O aumento da temperatura do ambiente influencia diretamente o nosso corpo, que tamb\u00e9m esquenta.<\/p>\n\n\n\n<p class=\"wp-block-paragraph\">Para lidar com isso, o sistema nervoso lan\u00e7a uma s\u00e9rie de a\u00e7\u00f5es emergenciais. A primeira delas \u00e9 aumentar a sudorese, ou a libera\u00e7\u00e3o de suor atrav\u00e9s da pele. A segunda envolve relaxar e dilatar os vasos sangu\u00edneos mais superficiais, de modo a liberar calor para o meio externo.<\/p>\n\n\n\n<p class=\"wp-block-paragraph\">Essas medidas t\u00eam o objetivo de resfriar o organismo, para que ele volte \u00e0quele limiar dos 35,5 e 37,5 \u00baC \u2014 e elas costumam funcionar bem na maioria dos casos.<\/p>\n\n\n\n<p class=\"wp-block-paragraph\">Mas h\u00e1 situa\u00e7\u00f5es em que essas estrat\u00e9gias n\u00e3o s\u00e3o suficientes ou podem se tornar at\u00e9 prejudiciais. No primeiro cen\u00e1rio, o calor est\u00e1 t\u00e3o alto que nem o suadouro, nem a dilata\u00e7\u00e3o de veias e art\u00e9rias, d\u00e3o conta do recado.<\/p>\n\n\n\n<p class=\"wp-block-paragraph\">No segundo, a libera\u00e7\u00e3o de suor pelas gl\u00e2ndulas sudor\u00edparas \u00e9 t\u00e3o intensa que gera um quadro de desidrata\u00e7\u00e3o \u2014 quando a quantidade de l\u00edquido no corpo est\u00e1 abaixo do necess\u00e1rio para que \u00f3rg\u00e3os e c\u00e9lulas funcionem de forma adequada.<\/p>\n\n\n\n<p class=\"wp-block-paragraph\">&#8220;Al\u00e9m disso, a transpira\u00e7\u00e3o excessiva gera perda de eletr\u00f3litos, como s\u00f3dio, pot\u00e1ssio e magn\u00e9sio, que s\u00e3o elementos importantes para uma s\u00e9rie de rea\u00e7\u00f5es qu\u00edmicas no organismo&#8221;, lembra Franken.<\/p>\n\n\n\n<p class=\"wp-block-paragraph\">O relaxamento dos vasos sangu\u00edneos tamb\u00e9m pode provocar quedas na press\u00e3o arterial, o que gera quadros de mal-estar, tontura e at\u00e9 desmaios. Se isso acontece em determinadas situa\u00e7\u00f5es \u2014 quando o indiv\u00edduo est\u00e1 dirigindo ou operando m\u00e1quinas pesadas, por exemplo \u2014 pode representar um risco de acidentes graves.<\/p>","protected":false},"excerpt":{"rendered":"<p>Portadores de press\u00e3o alta, diabetes, arritmia e outros problemas cardiovasculares precisam ter aten\u00e7\u00e3o redobrada<\/p>","protected":false},"author":3,"featured_media":19494,"comment_status":"open","ping_status":"open","sticky":false,"template":"","format":"standard","meta":{"googlesitekit_rrm_CAow6MXMDA:productID":"","footnotes":""},"categories":[36],"tags":[],"class_list":["post-19510","post","type-post","status-publish","format-standard","has-post-thumbnail","hentry","category-brasil"],"brizy_media":[],"_links":{"self":[{"href":"https:\/\/jornalcorporativo.com.br\/en\/wp-json\/wp\/v2\/posts\/19510","targetHints":{"allow":["GET"]}}],"collection":[{"href":"https:\/\/jornalcorporativo.com.br\/en\/wp-json\/wp\/v2\/posts"}],"about":[{"href":"https:\/\/jornalcorporativo.com.br\/en\/wp-json\/wp\/v2\/types\/post"}],"author":[{"embeddable":true,"href":"https:\/\/jornalcorporativo.com.br\/en\/wp-json\/wp\/v2\/users\/3"}],"replies":[{"embeddable":true,"href":"https:\/\/jornalcorporativo.com.br\/en\/wp-json\/wp\/v2\/comments?post=19510"}],"version-history":[{"count":2,"href":"https:\/\/jornalcorporativo.com.br\/en\/wp-json\/wp\/v2\/posts\/19510\/revisions"}],"predecessor-version":[{"id":19512,"href":"https:\/\/jornalcorporativo.com.br\/en\/wp-json\/wp\/v2\/posts\/19510\/revisions\/19512"}],"wp:featuredmedia":[{"embeddable":true,"href":"https:\/\/jornalcorporativo.com.br\/en\/wp-json\/wp\/v2\/media\/19494"}],"wp:attachment":[{"href":"https:\/\/jornalcorporativo.com.br\/en\/wp-json\/wp\/v2\/media?parent=19510"}],"wp:term":[{"taxonomy":"category","embeddable":true,"href":"https:\/\/jornalcorporativo.com.br\/en\/wp-json\/wp\/v2\/categories?post=19510"},{"taxonomy":"post_tag","embeddable":true,"href":"https:\/\/jornalcorporativo.com.br\/en\/wp-json\/wp\/v2\/tags?post=19510"}],"curies":[{"name":"wp","href":"https:\/\/api.w.org\/{rel}","templated":true}]}}