{"id":20428,"date":"2024-05-15T18:13:31","date_gmt":"2024-05-15T21:13:31","guid":{"rendered":"https:\/\/jornalcorporativo.com.br\/?p=20428"},"modified":"2024-05-15T18:13:43","modified_gmt":"2024-05-15T21:13:43","slug":"maioria-dos-hospitais-privados-de-sp-regista-aumento-de-internacoes-por-dengue","status":"publish","type":"post","link":"https:\/\/jornalcorporativo.com.br\/en\/brasil\/maioria-dos-hospitais-privados-de-sp-regista-aumento-de-internacoes-por-dengue\/","title":{"rendered":"Maioria dos hospitais privados de SP regista aumento de interna\u00e7\u00f5es por dengue"},"content":{"rendered":"<p class=\"wp-block-paragraph\">A maioria dos hospitais particulares do estado de S\u00e3o Paulo registrou aumento de interna\u00e7\u00f5es de pacientes por dengue e S\u00edndrome Respirat\u00f3ria Aguda Grave (SRAG) nos \u00faltimos 15 dias.<\/p>\n\n\n\n<p class=\"wp-block-paragraph\">\u00c9 o que aponta uma pesquisa realizada pelo SindHosp (Sindicato dos Hospitais, Cl\u00ednicas e Laborat\u00f3rios do Estado de S\u00e3o Paulo), feita de 3 a 13 de maio com 89 hospitais particulares, sendo 67% da capital e Grande S\u00e3o Paulo, e 33% do interior.<\/p>\n\n\n\n<p class=\"wp-block-paragraph\">Segundo o levantamento, as interna\u00e7\u00f5es em leitos cl\u00ednicos para dengue cresceram de 21% a 30% em 42% dos hospitais.<\/p>\n\n\n\n<p class=\"wp-block-paragraph\">J\u00e1 as interna\u00e7\u00f5es de crian\u00e7as e adolescentes por doen\u00e7as respirat\u00f3rias subiram 30% em mais da metade dos hospitais.<\/p>\n\n\n\n<p class=\"wp-block-paragraph\">A pesquisa ainda mostra que a assist\u00eancia no pronto atendimento, incluindo pronto-socorro e servi\u00e7os de urg\u00eancia\/emerg\u00eancia cresceu 69% nos \u00faltimos 15 dias para dengue e SRAG.<\/p>\n\n\n\n<p class=\"wp-block-paragraph\">O tempo de espera no atendimento para ambas as doen\u00e7as \u00e9 de at\u00e9 4 horas.<\/p>\n\n\n\n<p class=\"wp-block-paragraph\">Dengue em SP<br>O estado de S\u00e3o Paulo j\u00e1 registra mais de 1 milh\u00e3o de casos de dengue em 2024, segundo os dados do painel de monitoramento da doen\u00e7a divulgados pela Secretaria Estadual da Sa\u00fade (SES) neste s\u00e1bado (11).<\/p>\n\n\n\n<p class=\"wp-block-paragraph\">De acordo com o \u00faltimo boletim de arboviroses, divulgado pela prefeitura, todos os 96 bairros da capital permanecem em situa\u00e7\u00e3o de epidemia.<\/p>\n\n\n\n<p class=\"wp-block-paragraph\">Cuidados<br>Evite qualquer reservat\u00f3rio de \u00e1gua parada sem prote\u00e7\u00e3o em casa. O mosquito pode usar como criadouros grandes espa\u00e7os, como caixas d&#8217;\u00e1gua e piscinas abertas, at\u00e9 pequenos objetos, como tampas de garrafa e vasos de planta.<\/p>\n\n\n\n<p class=\"wp-block-paragraph\">Coloque areia no prato das plantas ou troque a \u00e1gua uma vez por semana. Mas n\u00e3o basta esvaziar o recipiente. \u00c9 preciso esfreg\u00e1-lo, para retirar os ovos do mosquito depositados na superf\u00edcie da parede interna, pouco acima do n\u00edvel da \u00e1gua. Isso vale para qualquer recipiente com \u00e1gua.<\/p>\n\n\n\n<p class=\"wp-block-paragraph\">Pneus velhos devem ser furados e guardados com cobertura ou recolhidos pela limpeza p\u00fablica. Garrafas pet e outros recipientes vazios tamb\u00e9m devem ser entregues \u00e0 limpeza p\u00fablica. Vasos e baldes vazios devem ser colocados de boca para baixo. Limpe diariamente as cubas de bebedouros de \u00e1gua mineral e de \u00e1gua comum. Seque as \u00e1reas que acumulem \u00e1guas de chuva. Tampe as caixas d\u2019\u00e1gua.<\/p>","protected":false},"excerpt":{"rendered":"<p>A maioria dos hospitais particulares do estado de S\u00e3o Paulo registrou aumento de interna\u00e7\u00f5es de pacientes por dengue e S\u00edndrome Respirat\u00f3ria Aguda Grave (SRAG) nos \u00faltimos 15 dias. \u00c9 o que aponta uma pesquisa realizada pelo SindHosp (Sindicato dos Hospitais, Cl\u00ednicas e Laborat\u00f3rios do Estado de S\u00e3o Paulo), feita de 3 a 13 de maio [&hellip;]<\/p>\n","protected":false},"author":3,"featured_media":20412,"comment_status":"open","ping_status":"open","sticky":false,"template":"","format":"standard","meta":{"googlesitekit_rrm_CAow6MXMDA:productID":"","footnotes":""},"categories":[36],"tags":[],"class_list":["post-20428","post","type-post","status-publish","format-standard","has-post-thumbnail","hentry","category-brasil"],"brizy_media":[],"_links":{"self":[{"href":"https:\/\/jornalcorporativo.com.br\/en\/wp-json\/wp\/v2\/posts\/20428","targetHints":{"allow":["GET"]}}],"collection":[{"href":"https:\/\/jornalcorporativo.com.br\/en\/wp-json\/wp\/v2\/posts"}],"about":[{"href":"https:\/\/jornalcorporativo.com.br\/en\/wp-json\/wp\/v2\/types\/post"}],"author":[{"embeddable":true,"href":"https:\/\/jornalcorporativo.com.br\/en\/wp-json\/wp\/v2\/users\/3"}],"replies":[{"embeddable":true,"href":"https:\/\/jornalcorporativo.com.br\/en\/wp-json\/wp\/v2\/comments?post=20428"}],"version-history":[{"count":2,"href":"https:\/\/jornalcorporativo.com.br\/en\/wp-json\/wp\/v2\/posts\/20428\/revisions"}],"predecessor-version":[{"id":20430,"href":"https:\/\/jornalcorporativo.com.br\/en\/wp-json\/wp\/v2\/posts\/20428\/revisions\/20430"}],"wp:featuredmedia":[{"embeddable":true,"href":"https:\/\/jornalcorporativo.com.br\/en\/wp-json\/wp\/v2\/media\/20412"}],"wp:attachment":[{"href":"https:\/\/jornalcorporativo.com.br\/en\/wp-json\/wp\/v2\/media?parent=20428"}],"wp:term":[{"taxonomy":"category","embeddable":true,"href":"https:\/\/jornalcorporativo.com.br\/en\/wp-json\/wp\/v2\/categories?post=20428"},{"taxonomy":"post_tag","embeddable":true,"href":"https:\/\/jornalcorporativo.com.br\/en\/wp-json\/wp\/v2\/tags?post=20428"}],"curies":[{"name":"wp","href":"https:\/\/api.w.org\/{rel}","templated":true}]}}