{"id":21472,"date":"2024-12-06T00:10:32","date_gmt":"2024-12-06T03:10:32","guid":{"rendered":"https:\/\/jornalcorporativo.com.br\/?p=21472"},"modified":"2024-12-06T00:10:32","modified_gmt":"2024-12-06T03:10:32","slug":"black-friday-anatel-apreende-22-mil-itens-em-armazens-da-amazon-e-mercado-livre","status":"publish","type":"post","link":"https:\/\/jornalcorporativo.com.br\/en\/brasil\/black-friday-anatel-apreende-22-mil-itens-em-armazens-da-amazon-e-mercado-livre\/","title":{"rendered":"Black Friday: Anatel apreende 22 mil itens em armaz\u00e9ns da Amazon e Mercado Livre"},"content":{"rendered":"<p>A Ag\u00eancia Nacional de Telecomunica\u00e7\u00f5es (Anatel) apreendeu cerca de 22 mil dispositivos n\u00e3o homologados em cinco armaz\u00e9ns da Amazon e do Mercado Livre em Betim (MG) e Cajamar (SP).<\/p>\n<p>A apreens\u00e3o foi feita pela opera\u00e7\u00e3o Black Friday, em parceria com a Receita Federal, nos dias 26 e 29 de novembro.<\/p>\n<p>Segundo o conselheiro Alexandre Freire, os itens s\u00e3o avaliados em aproximadamente R$ 3 milh\u00f5es. Os dispositivos apreendidos incluem celulares, carregadores, drones, fones de ouvido, microfones, baterias, notebooks e smartwatches.<\/p>\n<p>De acordo com o conselheiro Vicente Aquino, do total de dispositivos, 12 mil foram apreendidos em armaz\u00e9ns da Amazon, no valor de R$ 1,6 milh\u00e3o.<\/p>\n<p>Aquino relatou outro processo da Amazon nesta quinta-feira (5). A empresa recorreu de uma decis\u00e3o que a multou em R$ 47 mil por causa de an\u00fancios de c\u00e2meras de seguran\u00e7a e TVs Boxes sem homologa\u00e7\u00e3o pela Anatel.<\/p>\n<p>&#8220;A Anatel tem o papel de velar pela defesa dos consumidores em rela\u00e7\u00e3o ao acesso a esses produtos que s\u00e3o submetidos aos mercados de comercializa\u00e7\u00e3o digital sem a devida certifica\u00e7\u00e3o. Esse \u00e9 um papel fundamental para proteger os consumidores do acesso a produtos que n\u00e3o atendem a padr\u00f5es de seguran\u00e7a e qualidade, al\u00e9m de assegurar a integridade das redes de telecomunica\u00e7\u00f5es&#8221;, declarou Freire.<\/p>\n<p>Todo produto de telecomunica\u00e7\u00f5es vendido no Brasil precisa ser homologado pela Anatel. O procedimento \u00e9 importante para o garantir que o produto siga normas de qualidade e seguran\u00e7a, que s\u00e3o obrigat\u00f3rias para aparelhos que emitam radiofrequ\u00eancia.<\/p>\n<p>Para saber se o equipamento est\u00e1 regularizado junto \u00e0 Anatel, \u00e9 preciso verificar a presen\u00e7a do selo de homologa\u00e7\u00e3o no produto, no manual ou na caixa. O selo garante assist\u00eancia t\u00e9cnica em caso de defeito.<\/p>\n<p>\u00c9 poss\u00edvel verificar o produto pelo n\u00famero de homologa\u00e7\u00e3o gravado no selo por meio do site da Anatel.<\/p>\n<p>Segundo a empresa de meios de pagamento Cielo, o varejo teve crescimento de 16,1% nas vendas da Black Friday deste ano ante o mesmo per\u00edodo do ano passado.<\/p>","protected":false},"excerpt":{"rendered":"<p>Apreens\u00f5es de produtos n\u00e3o homologados foram feitas em opera\u00e7\u00e3o conjunta com a Receita, entre os dias 26 e 29 de novembro<\/p>","protected":false},"author":3,"featured_media":21460,"comment_status":"open","ping_status":"open","sticky":false,"template":"","format":"standard","meta":{"_crdt_document":"","footnotes":""},"categories":[36],"tags":[],"class_list":["post-21472","post","type-post","status-publish","format-standard","has-post-thumbnail","hentry","category-brasil"],"brizy_media":[],"_links":{"self":[{"href":"https:\/\/jornalcorporativo.com.br\/en\/wp-json\/wp\/v2\/posts\/21472","targetHints":{"allow":["GET"]}}],"collection":[{"href":"https:\/\/jornalcorporativo.com.br\/en\/wp-json\/wp\/v2\/posts"}],"about":[{"href":"https:\/\/jornalcorporativo.com.br\/en\/wp-json\/wp\/v2\/types\/post"}],"author":[{"embeddable":true,"href":"https:\/\/jornalcorporativo.com.br\/en\/wp-json\/wp\/v2\/users\/3"}],"replies":[{"embeddable":true,"href":"https:\/\/jornalcorporativo.com.br\/en\/wp-json\/wp\/v2\/comments?post=21472"}],"version-history":[{"count":1,"href":"https:\/\/jornalcorporativo.com.br\/en\/wp-json\/wp\/v2\/posts\/21472\/revisions"}],"predecessor-version":[{"id":21473,"href":"https:\/\/jornalcorporativo.com.br\/en\/wp-json\/wp\/v2\/posts\/21472\/revisions\/21473"}],"wp:featuredmedia":[{"embeddable":true,"href":"https:\/\/jornalcorporativo.com.br\/en\/wp-json\/wp\/v2\/media\/21460"}],"wp:attachment":[{"href":"https:\/\/jornalcorporativo.com.br\/en\/wp-json\/wp\/v2\/media?parent=21472"}],"wp:term":[{"taxonomy":"category","embeddable":true,"href":"https:\/\/jornalcorporativo.com.br\/en\/wp-json\/wp\/v2\/categories?post=21472"},{"taxonomy":"post_tag","embeddable":true,"href":"https:\/\/jornalcorporativo.com.br\/en\/wp-json\/wp\/v2\/tags?post=21472"}],"curies":[{"name":"wp","href":"https:\/\/api.w.org\/{rel}","templated":true}]}}