{"id":21507,"date":"2024-12-17T03:16:22","date_gmt":"2024-12-17T06:16:22","guid":{"rendered":"https:\/\/jornalcorporativo.com.br\/?p=21507"},"modified":"2024-12-17T03:16:22","modified_gmt":"2024-12-17T06:16:22","slug":"renuncia-de-vice-premie-mergulha-canada-em-crise","status":"publish","type":"post","link":"https:\/\/jornalcorporativo.com.br\/en\/internacional\/renuncia-de-vice-premie-mergulha-canada-em-crise\/","title":{"rendered":"Ren\u00fancia de vice-premi\u00ea mergulha Canad\u00e1 em crise"},"content":{"rendered":"<p>Parlamentares pediram que o primeiro-ministro do Canad\u00e1, Justin Trudeau, renuncie ao cargo ap\u00f3s a vice-premi\u00ea e ministra das Finan\u00e7as, Chrystia Freeland, pedir demiss\u00e3o. O partido de Trudeau se reuniu nesta segunda-feira (16) para discutir o futuro do governo.<\/p>\n<p>A demiss\u00e3o de Freeland mergulhou o Canad\u00e1 em uma crise pol\u00edtica. Mais cedo, a agora ex-vice-premi\u00ea afirmou que divergia de Trudeau sobre como ele pretende enfrentar a amea\u00e7a do presidente eleito dos EUA, Donald Trump, de impor tarifas de 25% aos produtos canadenses.<\/p>\n<p>&#8220;Discordamos sobre o melhor caminho a seguir para o Canad\u00e1&#8221;, escreveu Chrystia em uma rede social. &#8220;Nosso pa\u00eds enfrenta hoje um grande desafio. A nova administra\u00e7\u00e3o americana est\u00e1 aplicando uma pol\u00edtica de nacionalismo econ\u00f4mico agressivo.&#8221;<\/p>\n<p>Com isso, o governo de Trudeau entrou em uma de suas maiores crises desde que ele assumiu o poder, em novembro de 2015. Al\u00e9m disso, o primeiro-ministro se exp\u00f4s a um momento de fragilidade a menos de um ano para as elei\u00e7\u00f5es canadenses.<\/p>\n<p>Atualmente, pesquisas apontam que o Partido Conservador, de oposi\u00e7\u00e3o, deve vencer as pr\u00f3ximas elei\u00e7\u00f5es. Ao mesmo tempo, Trudeau perdeu popularidade por causa do aumento no custo de vida dos canadenses.<\/p>\n<p>Para agravar a situa\u00e7\u00e3o, dados financeiros divulgados nesta segunda-feira apontam que as contas do governo fecharam com d\u00e9ficit de US$ 43,4 bilh\u00f5es (R$ 267 bilh\u00f5es). O n\u00famero veio 50% acima do projetado. A previs\u00e3o de crescimento do PIB tamb\u00e9m foi reduzida de 1,9% para 1,7%.<\/p>\n<p>Diante deste cen\u00e1rio, dois membros do Partido Liberal, de Trudeau, disseram \u00e0 emissora de TV CBC que o primeiro-ministro deveria renunciar.<\/p>\n<p>Caso decida permanecer no cargo, Trudeau ainda pode ser alvo de um voto de desconfian\u00e7a no Parlamento, no in\u00edcio de 2025. A mo\u00e7\u00e3o pode ser votada caso partidos de oposi\u00e7\u00e3o se unam contra o primeiro-ministro.<\/p>\n<p>&#8220;N\u00e3o podemos aceitar esse tipo de caos, divis\u00e3o, fraqueza, enquanto encaramos a amea\u00e7a de uma tarifa de 25% de nosso maior parceiro comercial&#8221;, disse o l\u00edder conservador Pierre Poilievre.<\/p>","protected":false},"excerpt":{"rendered":"<p>O primeiro-ministro, Justin Trudeau, se exp\u00f4s a um momento de fragilidade a menos de um ano para as elei\u00e7\u00f5es canadenses<\/p>","protected":false},"author":3,"featured_media":21501,"comment_status":"open","ping_status":"open","sticky":false,"template":"","format":"standard","meta":{"_crdt_document":"","footnotes":""},"categories":[2],"tags":[],"class_list":["post-21507","post","type-post","status-publish","format-standard","has-post-thumbnail","hentry","category-internacional"],"brizy_media":[],"_links":{"self":[{"href":"https:\/\/jornalcorporativo.com.br\/en\/wp-json\/wp\/v2\/posts\/21507","targetHints":{"allow":["GET"]}}],"collection":[{"href":"https:\/\/jornalcorporativo.com.br\/en\/wp-json\/wp\/v2\/posts"}],"about":[{"href":"https:\/\/jornalcorporativo.com.br\/en\/wp-json\/wp\/v2\/types\/post"}],"author":[{"embeddable":true,"href":"https:\/\/jornalcorporativo.com.br\/en\/wp-json\/wp\/v2\/users\/3"}],"replies":[{"embeddable":true,"href":"https:\/\/jornalcorporativo.com.br\/en\/wp-json\/wp\/v2\/comments?post=21507"}],"version-history":[{"count":1,"href":"https:\/\/jornalcorporativo.com.br\/en\/wp-json\/wp\/v2\/posts\/21507\/revisions"}],"predecessor-version":[{"id":21508,"href":"https:\/\/jornalcorporativo.com.br\/en\/wp-json\/wp\/v2\/posts\/21507\/revisions\/21508"}],"wp:featuredmedia":[{"embeddable":true,"href":"https:\/\/jornalcorporativo.com.br\/en\/wp-json\/wp\/v2\/media\/21501"}],"wp:attachment":[{"href":"https:\/\/jornalcorporativo.com.br\/en\/wp-json\/wp\/v2\/media?parent=21507"}],"wp:term":[{"taxonomy":"category","embeddable":true,"href":"https:\/\/jornalcorporativo.com.br\/en\/wp-json\/wp\/v2\/categories?post=21507"},{"taxonomy":"post_tag","embeddable":true,"href":"https:\/\/jornalcorporativo.com.br\/en\/wp-json\/wp\/v2\/tags?post=21507"}],"curies":[{"name":"wp","href":"https:\/\/api.w.org\/{rel}","templated":true}]}}