{"id":21556,"date":"2025-01-02T20:36:41","date_gmt":"2025-01-02T23:36:41","guid":{"rendered":"https:\/\/jornalcorporativo.com.br\/?p=21556"},"modified":"2025-01-02T20:36:41","modified_gmt":"2025-01-02T23:36:41","slug":"courtois-defende-mundial-de-clubes-mas-critica-excesso-de-jogos-no-calendario","status":"publish","type":"post","link":"https:\/\/jornalcorporativo.com.br\/en\/esportes\/courtois-defende-mundial-de-clubes-mas-critica-excesso-de-jogos-no-calendario\/","title":{"rendered":"Courtois defende Mundial de Clubes, mas critica excesso de jogos no calend\u00e1rio"},"content":{"rendered":"<p>Thibaut Courtois \u00e9 mais um jogador a criticar o calend\u00e1rio do futebol internacional. O goleiro do Real Madrid disse, em entrevista \u00e0 CNN Sports, da Espanha, que o dinheiro recebido pelos atletas n\u00e3o pode ser uma &#8220;desculpa&#8221; para o excesso de jogos.<\/p>\n<p>&#8220;Temos que acabar com a desculpa de &#8216;se ganha muito dinheiro&#8217; . Voc\u00ea tamb\u00e9m pode ganhar dinheiro jogando menos 10 jogos. Sinto que o problema \u00e9 que n\u00f3s falta descanso.&#8221; \u2014 Thibaut Courtois.<\/p>\n<p>O novo Mundial de Clubes da Fifa, que ser\u00e1 disputado entre junho e julho deste ano, ainda divide opini\u00f5es na Europa. O goleiro belga, no entanto, defendeu a realiza\u00e7\u00e3o do torneio, apesar de reconhecer que ainda n\u00e3o foi encontrada a forma correta para isso.<\/p>\n<p>\u2014 Este Mundial de Clubes \u00e9 algo que tem que acontecer, mas \u00e9 dif\u00edcil encontrar a forma correta de faz\u00ea-lo. Acho que os clubes querem ajudar, mas todos seguimos as regras e o calend\u00e1rio que nos \u00e9 dado. Acho que ningu\u00e9m ouve os jogadores. A FIFPRO (sindicado dos jogadores) est\u00e1 tentando proteger os atletas&#8230; mas acho que outros \u00f3rg\u00e3os dirigentes n\u00e3o levam isso em considera\u00e7\u00e3o \u2014 completou Courtois.<\/p>\n<p>O Real Madrid tem sofrido com importantes e longas les\u00f5es nos \u00faltimos anos. Entre elas, a ruptura do ligamento cruzado anterior do joelho esquerdo de Courtois, que ficou de fora de praticamente toda a temporada 2023\/24. O tema calend\u00e1rio tem sido constante no clube, e o goleiro revelou brincadeira feita com Valverde sobre n\u00e3o ter f\u00e9rias.<\/p>\n<p>\u2014 Acho que os jogadores de futebol n\u00e3o teriam problemas em jogar nove meses consecutivos com prepara\u00e7\u00e3o adequada e gerenciamento de carga. Outro dia eu estava brincando com o Valverde e falei para ele: &#8216;Suas pr\u00f3ximas f\u00e9rias ser\u00e3o em 2027&#8217;. Isso parece loucura \u2014 afirmou o goleiro do Real.<\/p>\n<p>O Real Madrid \u00e9 o vice-l\u00edder do Campeonato Espanhol com 40 pontos, um a menos que o Atl\u00e9tico de Madrid. A equipe volta a campo nesta sexta-feira, contra o Valencia, em jogo atrasado da 12\u00aa rodada da competi\u00e7\u00e3o.<\/p>","protected":false},"excerpt":{"rendered":"<p>O novo Mundial de Clubes da Fifa, que ser\u00e1 disputado entre junho e julho deste ano, ainda divide opini\u00f5es na Europa<\/p>","protected":false},"author":3,"featured_media":21562,"comment_status":"open","ping_status":"open","sticky":false,"template":"","format":"standard","meta":{"_crdt_document":"","footnotes":""},"categories":[6],"tags":[],"class_list":["post-21556","post","type-post","status-publish","format-standard","has-post-thumbnail","hentry","category-esportes"],"brizy_media":[],"_links":{"self":[{"href":"https:\/\/jornalcorporativo.com.br\/en\/wp-json\/wp\/v2\/posts\/21556","targetHints":{"allow":["GET"]}}],"collection":[{"href":"https:\/\/jornalcorporativo.com.br\/en\/wp-json\/wp\/v2\/posts"}],"about":[{"href":"https:\/\/jornalcorporativo.com.br\/en\/wp-json\/wp\/v2\/types\/post"}],"author":[{"embeddable":true,"href":"https:\/\/jornalcorporativo.com.br\/en\/wp-json\/wp\/v2\/users\/3"}],"replies":[{"embeddable":true,"href":"https:\/\/jornalcorporativo.com.br\/en\/wp-json\/wp\/v2\/comments?post=21556"}],"version-history":[{"count":1,"href":"https:\/\/jornalcorporativo.com.br\/en\/wp-json\/wp\/v2\/posts\/21556\/revisions"}],"predecessor-version":[{"id":21563,"href":"https:\/\/jornalcorporativo.com.br\/en\/wp-json\/wp\/v2\/posts\/21556\/revisions\/21563"}],"wp:featuredmedia":[{"embeddable":true,"href":"https:\/\/jornalcorporativo.com.br\/en\/wp-json\/wp\/v2\/media\/21562"}],"wp:attachment":[{"href":"https:\/\/jornalcorporativo.com.br\/en\/wp-json\/wp\/v2\/media?parent=21556"}],"wp:term":[{"taxonomy":"category","embeddable":true,"href":"https:\/\/jornalcorporativo.com.br\/en\/wp-json\/wp\/v2\/categories?post=21556"},{"taxonomy":"post_tag","embeddable":true,"href":"https:\/\/jornalcorporativo.com.br\/en\/wp-json\/wp\/v2\/tags?post=21556"}],"curies":[{"name":"wp","href":"https:\/\/api.w.org\/{rel}","templated":true}]}}