{"id":21566,"date":"2025-01-02T20:37:26","date_gmt":"2025-01-02T23:37:26","guid":{"rendered":"https:\/\/jornalcorporativo.com.br\/?p=21566"},"modified":"2025-01-02T20:37:26","modified_gmt":"2025-01-02T23:37:26","slug":"israel-bombardeia-zona-humanitaria-em-gaza","status":"publish","type":"post","link":"https:\/\/jornalcorporativo.com.br\/en\/internacional\/israel-bombardeia-zona-humanitaria-em-gaza\/","title":{"rendered":"Israel bombardeia zona humanit\u00e1ria em Gaza"},"content":{"rendered":"<p>Ataques a\u00e9reos israelenses mataram pelo menos 54 palestinos na Faixa de Gaza nesta quinta-feira (2), incluindo 11 pessoas em um acampamento que abriga fam\u00edlias desalojadas, segundo m\u00e9dicos.<\/p>\n<p>Eles disseram que as 11 pessoas inclu\u00edam mulheres e crian\u00e7as no distrito de Al-Mawasi, designado como uma zona humanit\u00e1ria para civis no in\u00edcio da guerra entre Israel e o grupo terrorista Hamas, que governa Gaza.<\/p>\n<p>O diretor-geral do departamento de pol\u00edcia de Gaza, Mahmoud Salah, e seu assessor, Hussam Shahwan, foram mortos no ataque, de acordo com o Minist\u00e9rio do Interior de Gaza, administrado pelo Hamas.<\/p>\n<p>&#8220;Ao cometer o crime de assassinar o diretor-geral da pol\u00edcia na Faixa de Gaza, a ocupa\u00e7\u00e3o insiste em espalhar o caos e aprofundar o sofrimento humano dos cidad\u00e3os&#8221;, acrescentou, em um comunicado.<\/p>\n<p>O Ex\u00e9rcito israelense disse que realizou um ataque com base em informa\u00e7\u00f5es de intelig\u00eancia em Al-Mawasi, a oeste da cidade de Khan Yunis, e eliminou Shahwan, dizendo que ele era chefe das for\u00e7as de seguran\u00e7a do Hamas no sul de Gaza. N\u00e3o houve men\u00e7\u00e3o \u00e0 morte de Salah.<\/p>\n<p>Outros ataques a\u00e9reos israelenses mataram pelo menos 43 palestinos, incluindo seis na sede do Minist\u00e9rio do Interior em Khan Yunis e outros no campo de refugiados de Jabalia, no norte de Gaza, no campo de Shati e no campo de Maghazi, na regi\u00e3o central de Gaza.<\/p>\n<p>O Ex\u00e9rcito de Israel disse que visa militantes do Hamas que, segundo informa\u00e7\u00f5es de intelig\u00eancia, estavam operando em um centro de comando e controle &#8220;embutido no pr\u00e9dio da prefeitura de Khan Yunis, na \u00c1rea Humanit\u00e1ria&#8221;.<\/p>\n<p>Questionado sobre as mortes desta quinta-feira, um porta-voz dos militares israelenses disse que a lei internacional foi seguida em Gaza e tomadas &#8220;precau\u00e7\u00f5es vi\u00e1veis para mitigar danos aos civis&#8221;.<\/p>\n<p>Mais tarde, ataques a\u00e9reos israelenses separados mataram pelo menos quatro pessoas na Rua Jala, no centro da Cidade de Gaza, e duas no distrito de Zeitoun, disseram m\u00e9dicos.<\/p>","protected":false},"excerpt":{"rendered":"<p>Ex\u00e9rcito israelense afirma que alvo dos ataques em acampamento era um assessor do diretor de pol\u00edcia do territ\u00f3rio<\/p>","protected":false},"author":3,"featured_media":21560,"comment_status":"open","ping_status":"open","sticky":false,"template":"","format":"standard","meta":{"_crdt_document":"","footnotes":""},"categories":[2],"tags":[],"class_list":["post-21566","post","type-post","status-publish","format-standard","has-post-thumbnail","hentry","category-internacional"],"brizy_media":[],"_links":{"self":[{"href":"https:\/\/jornalcorporativo.com.br\/en\/wp-json\/wp\/v2\/posts\/21566","targetHints":{"allow":["GET"]}}],"collection":[{"href":"https:\/\/jornalcorporativo.com.br\/en\/wp-json\/wp\/v2\/posts"}],"about":[{"href":"https:\/\/jornalcorporativo.com.br\/en\/wp-json\/wp\/v2\/types\/post"}],"author":[{"embeddable":true,"href":"https:\/\/jornalcorporativo.com.br\/en\/wp-json\/wp\/v2\/users\/3"}],"replies":[{"embeddable":true,"href":"https:\/\/jornalcorporativo.com.br\/en\/wp-json\/wp\/v2\/comments?post=21566"}],"version-history":[{"count":1,"href":"https:\/\/jornalcorporativo.com.br\/en\/wp-json\/wp\/v2\/posts\/21566\/revisions"}],"predecessor-version":[{"id":21567,"href":"https:\/\/jornalcorporativo.com.br\/en\/wp-json\/wp\/v2\/posts\/21566\/revisions\/21567"}],"wp:featuredmedia":[{"embeddable":true,"href":"https:\/\/jornalcorporativo.com.br\/en\/wp-json\/wp\/v2\/media\/21560"}],"wp:attachment":[{"href":"https:\/\/jornalcorporativo.com.br\/en\/wp-json\/wp\/v2\/media?parent=21566"}],"wp:term":[{"taxonomy":"category","embeddable":true,"href":"https:\/\/jornalcorporativo.com.br\/en\/wp-json\/wp\/v2\/categories?post=21566"},{"taxonomy":"post_tag","embeddable":true,"href":"https:\/\/jornalcorporativo.com.br\/en\/wp-json\/wp\/v2\/tags?post=21566"}],"curies":[{"name":"wp","href":"https:\/\/api.w.org\/{rel}","templated":true}]}}