{"id":21724,"date":"2025-01-29T00:46:50","date_gmt":"2025-01-29T03:46:50","guid":{"rendered":"https:\/\/jornalcorporativo.com.br\/?p=21724"},"modified":"2025-01-29T00:46:50","modified_gmt":"2025-01-29T03:46:50","slug":"lula-vai-participar-de-reuniao-da-celac-para-discutir-migracao-apos-polemica-com-deportados","status":"publish","type":"post","link":"https:\/\/jornalcorporativo.com.br\/en\/politica\/lula-vai-participar-de-reuniao-da-celac-para-discutir-migracao-apos-polemica-com-deportados\/","title":{"rendered":"Lula vai participar de reuni\u00e3o da Celac para discutir migra\u00e7\u00e3o, ap\u00f3s pol\u00eamica com deportados"},"content":{"rendered":"<p>O presidente Luiz In\u00e1cio Lula da Silva (PT) ir\u00e1 participar da reuni\u00e3o da Comunidade dos Estados Latino-Americanos e Caribenhos (Celac), convocada &#8220;com urg\u00eancia&#8221; para a pr\u00f3xima quinta-feira (30), para discutir temas como migra\u00e7\u00e3o.<\/p>\n<p>A Comunidade de Estados Latino-Americanos e Caribenhos \u00e9 um bloco criado no M\u00e9xico, em 2010, que re\u00fane 33 pa\u00edses, entre eles, o Brasil.<\/p>\n<p>O encontro foi convocado no \u00faltimo domingo (26) pela presidente de Honduras, Xiomara Castro, atual l\u00edder do organismo multilateral, em meio a pol\u00eamicas envolvendo a deporta\u00e7\u00e3o de imigrantes ilegais pelos Estados Unidos.<\/p>\n<p>No caso do Brasil, por exemplo, o Minist\u00e9rio das Rela\u00e7\u00f5es Exteriores j\u00e1 informou que cobrar\u00e1 explica\u00e7\u00f5es do governo Donald Trump sobre o fato de 88 brasileiros terem sido deportados algemados.<\/p>\n<p>A Celac tem como objetivo atuar para a integra\u00e7\u00e3o latino-americana e caribenha, al\u00e9m da coordena\u00e7\u00e3o pol\u00edtica, econ\u00f4mica e social dos pa\u00edses. Na pauta, entram temas como desarmamento nuclear, agricultura familiar, cultura, energia e meio ambiente, com a Am\u00e9rica Latina em busca de autonomia.<\/p>\n<p>Requisitos m\u00ednimos de dignidade<br \/>\nO ministro das Rela\u00e7\u00f5es Exteriores, Mauro Vieira, afirmou que o Brasil quer que as deporta\u00e7\u00f5es de brasileiros dos Estados Unidos atendam requisitos m\u00ednimos de dignidade. Ele descartou que sejam usados voos da For\u00e7a A\u00e9rea Brasileira (FAB) para esse fim.<\/p>\n<p>Vieira falou com a imprensa ap\u00f3s uma reuni\u00e3o no Pal\u00e1cio do Planalto, em que o presidente Luiz In\u00e1cio Lula da Silva recebeu ministros, representantes da For\u00e7a A\u00e9rea Brasileira (FAB) e da Pol\u00edcia Federal para tratar da deporta\u00e7\u00e3o de cidad\u00e3os brasileiros pelos Estados Unidos.<br \/>\n&#8220;Acabamos de ter uma reuni\u00e3o de informa\u00e7\u00e3o ao presidente da Rep\u00fablica sobre a situa\u00e7\u00e3o do voo em que foram repatriados 88 brasileiros que estavam nos Estados Unidos. O objetivo da reuni\u00e3o, al\u00e9m de transmitir ao presidente o que aconteceu, o relato da situa\u00e7\u00e3o, foi tamb\u00e9m de discutir formas de tratar o tema daqui para diante e de se discutir com as autoridades americanas que as deporta\u00e7\u00f5es para eles, e repatria\u00e7\u00e3o para o Brasil, sejam feitas atendendo os requisitos m\u00ednimos de dignidade, respeito aos direitos humanos, a aten\u00e7\u00e3o necess\u00e1ria aos passageiros de uma viagem dessa extens\u00e3o&#8221;, afirmou o ministro.<\/p>","protected":false},"excerpt":{"rendered":"<p>Os primeiros brasileiros deportados dos EUA ap\u00f3s a posse de Trump chegaram ao Brasil na \u00faltima semana<\/p>","protected":false},"author":3,"featured_media":21715,"comment_status":"open","ping_status":"open","sticky":false,"template":"","format":"standard","meta":{"googlesitekit_rrm_CAow6MXMDA:productID":"","footnotes":""},"categories":[7],"tags":[],"class_list":["post-21724","post","type-post","status-publish","format-standard","has-post-thumbnail","hentry","category-politica"],"brizy_media":[],"_links":{"self":[{"href":"https:\/\/jornalcorporativo.com.br\/en\/wp-json\/wp\/v2\/posts\/21724","targetHints":{"allow":["GET"]}}],"collection":[{"href":"https:\/\/jornalcorporativo.com.br\/en\/wp-json\/wp\/v2\/posts"}],"about":[{"href":"https:\/\/jornalcorporativo.com.br\/en\/wp-json\/wp\/v2\/types\/post"}],"author":[{"embeddable":true,"href":"https:\/\/jornalcorporativo.com.br\/en\/wp-json\/wp\/v2\/users\/3"}],"replies":[{"embeddable":true,"href":"https:\/\/jornalcorporativo.com.br\/en\/wp-json\/wp\/v2\/comments?post=21724"}],"version-history":[{"count":1,"href":"https:\/\/jornalcorporativo.com.br\/en\/wp-json\/wp\/v2\/posts\/21724\/revisions"}],"predecessor-version":[{"id":21725,"href":"https:\/\/jornalcorporativo.com.br\/en\/wp-json\/wp\/v2\/posts\/21724\/revisions\/21725"}],"wp:featuredmedia":[{"embeddable":true,"href":"https:\/\/jornalcorporativo.com.br\/en\/wp-json\/wp\/v2\/media\/21715"}],"wp:attachment":[{"href":"https:\/\/jornalcorporativo.com.br\/en\/wp-json\/wp\/v2\/media?parent=21724"}],"wp:term":[{"taxonomy":"category","embeddable":true,"href":"https:\/\/jornalcorporativo.com.br\/en\/wp-json\/wp\/v2\/categories?post=21724"},{"taxonomy":"post_tag","embeddable":true,"href":"https:\/\/jornalcorporativo.com.br\/en\/wp-json\/wp\/v2\/tags?post=21724"}],"curies":[{"name":"wp","href":"https:\/\/api.w.org\/{rel}","templated":true}]}}