{"id":23663,"date":"2026-03-13T22:25:02","date_gmt":"2026-03-14T01:25:02","guid":{"rendered":"https:\/\/jornalcorporativo.com.br\/noticias\/unidos-de-vila-isabel-promove-feijoada-especial-premio-do-humor-de-volta-com-nova-edicao-eventos-e-novidades-agitam-a-cidade-do-rio\/"},"modified":"2026-03-13T22:25:02","modified_gmt":"2026-03-14T01:25:02","slug":"unidos-de-vila-isabel-promove-feijoada-especial-premio-do-humor-de-volta-com-nova-edicao-eventos-e-novidades-agitam-a-cidade-do-rio","status":"publish","type":"post","link":"https:\/\/jornalcorporativo.com.br\/en\/noticias\/unidos-de-vila-isabel-promove-feijoada-especial-premio-do-humor-de-volta-com-nova-edicao-eventos-e-novidades-agitam-a-cidade-do-rio\/","title":{"rendered":"&#8211; Unidos de Vila Isabel promove feijoada especial\n&#8211; Pr\u00eamio do Humor de volta com nova edi\u00e7\u00e3o \n&#8211; Eventos e novidades agitam a cidade do Rio"},"content":{"rendered":"<p>A Unidos de Vila Isabel vai comemorar seu anivers\u00e1rio de 80 anos, dia 28 de mar\u00e7o, com uma feijoada especial em sua quadra. O evento ser\u00e1 a partir das 13h e contar\u00e1 com a participa\u00e7\u00e3o das coirm\u00e3s Unidos do Viradouro e Uni\u00e3o de Maric\u00e1. Haver\u00e1 tamb\u00e9m apresenta\u00e7\u00f5es do Pagode Magia e do cantor Babby. Os ingressos custam a partir de R$ 20 e est\u00e3o \u00e0 venda no Sympla.<\/p>\n<p>F\u00e1bio Porchat comanda nova edi\u00e7\u00e3o do Pr\u00eamio do Humor<\/p>\n<p>O Pr\u00eamio do Humor ter\u00e1 nova edi\u00e7\u00e3o realizada na pr\u00f3xima segunda-feira (16\/3), no Teatro TotalEnergies &#8211; Sala Adolpho Bloch, na Gl\u00f3ria. Idealizada por F\u00e1bio Porchat, a premia\u00e7\u00e3o celebra e valoriza a com\u00e9dia no teatro brasileiro e \u00e9 feita atrav\u00e9s de um j\u00fari especializado, que escolhe nas categorias Texto, Performance, Dire\u00e7\u00e3o, Espet\u00e1culo e Especial. Entre os indicados ao pr\u00eamio na cidade carioca, est\u00e3o nomes como Greg\u00f3rio Duvivier, pelo texto de \u201cO C\u00e9u na L\u00edngua\u201d; Helo\u00edsa P\u00e9riss\u00e9, pela performance em \u201cAvesso do Avesso\u201d e Luciana Paes, pela dire\u00e7\u00e3o em \u201cO C\u00e9u na L\u00edngua\u201d.<\/p>\n<p>Dominique Jardy lan\u00e7a o livro &#8220;Mata Adentro &#8211; Natureza e Arte&#8221;<\/p>\n<p>Francesa radicada no Rio desde 1985, a artista pl\u00e1stica e muralista Dominique Jardy lan\u00e7ou, ter\u00e7a-feira (10\/3), o livro \u201cMata Adentro \u2013 Natureza e Arte\u201d, em seu ateli\u00ea, em Laranjeiras. Com textos da historiadora Lorelai Kury, a publica\u00e7\u00e3o tem fotos de Jaime Acioli de murais e pinturas feitas por Dominique para embelezar locais como o Copacabana Palace, Casa Farm, Grande Hotel Termas de Arax\u00e1, fazendas e resid\u00eancias particulares. Confira nas fotos de Vera Donato quem passou por l\u00e1:<\/p>\n<p>Marina Esteves faz temporada de &#8220;Magn\u00f3lia&#8221; no Sesc Copacabana<\/p>\n<p>A atriz e diretora premiada Marina Esteves chega ao Rio com o seu mon\u00f3logo \u201cMagn\u00f3lia\u201d, livremente inspirado na m\u00fasica hom\u00f4nima de Jorge Ben Jor, depois de um per\u00edodo de apresenta\u00e7\u00f5es em S\u00e3o Paulo. A temporada, de 12 de mar\u00e7o a 5 de abril, acontece no Sesc Copacabana. A produ\u00e7\u00e3o narra a f\u00e1bula sobre uma deusa astronauta que vive na dimens\u00e3o azul e rosa por entre estrelas e cometas at\u00e9 encontrar um cavaleiro negro, S\u00e3o Jorge. Ele prop\u00f5e a ela uma miss\u00e3o: descer para a Terra e experimentar o que \u00e9 ser humana. Na Terra, depois da queda, ela passa por seis diversas transforma\u00e7\u00f5es at\u00e9 se tornar uma mulher negra. Neste corpo, ela experimenta o que \u00e9 essa viv\u00eancia, com todos os prazeres da sua exist\u00eancia. Os ingressos custam entre R$ 15 e R$ 30. <\/p>\n<p>Regina Dantas comemora nova idade com fest\u00e3o na Barra<\/p>\n<p>Regina Dantas\u00a0abriu seu casar\u00e3o na Barra, quinta-feira (12\/3), para festejar mais uma primavera. Tarde deliciosa e com o astral l\u00e1 em cima, ao som do DJ Junior, com muito prosecco e vinho. As convidadas aproveitaram ao m\u00e1ximo! Jos\u00e9 Ol\u00edmpio fez os cliques:<\/p>\n<p>Almo\u00e7o especial no Cant\u00f4 Gastr\u00f4 &amp; Lounge<\/p>\n<p>O\u00a0Cant\u00f4\u00a0Gastr\u00f4\u00a0&amp; Lounge, restaurante aberto a n\u00e3o h\u00f3spedes do Grand Hyatt Rio, na Barra, comandado pelo chef Hugo Souza, ter\u00e1 almo\u00e7o especial com churrasco e trio de samba ao vivo, dia 29 de mar\u00e7o, das 13h \u00e0s 16h.\u00a0A novidade traz esta\u00e7\u00f5es ao vivo com carnes nobres preparadas em churrasqueiras e\u00a0parrillas, al\u00e9m de guarni\u00e7\u00f5es cl\u00e1ssicas como p\u00e3o de alho, farofa e vinagrete, buffet completo com saladas, frios e antepastos, pratos quentes e mesa de sobremesas da chef\u00a0p\u00e2tissier\u00a0Paula Lopes. Na ala das bebidas, chope, caipirinhas, \u00e1gua, sucos e refrigerantes est\u00e3o inclusos (1\u00ba lote: R$ 330 por adulto, j\u00e1 com taxas inclusas).\u00a0\u00c9 preciso reservar antecipadamente atrav\u00e9s do site oficial do hotel.<\/p>\n<p>Chico Chico leva seu som contagiante \u00e0 Sala Charles<\/p>\n<p>Chico Chico&nbsp;trocou as ladeiras bo\u00eamias de Santa Teresa pela&nbsp;Sala Charles, localizada no Emiliano Rio, em Copacabana, no \u00faltimo fim de semana. O cantor comandou um show intimista, para uma plateia seleta, acompanhado pelo baterista Thiago Silva e por Pedro Fonseca, que al\u00e9m de assumir os teclados e sintetizadores, assinou a dire\u00e7\u00e3o musical. O repert\u00f3rio teve como base o \u00e1lbum mais recente do filho de C\u00e1ssia Eller, com can\u00e7\u00f5es como \u201cTempo de Lou\u00e7as\u201d, \u201cTanto pra Dizer\u201d e \u201cHora H\u201d, e tamb\u00e9m sucessos do passado. Victor Carnevale fez as fotos:<\/p>\n<p>JOGO R\u00c1PIDO<\/p>\n<p>*** A\u00a0Sergio Gon\u00e7alves Galeria\u00a0inaugura na pr\u00f3xima quarta-feira (18\/3) seu novo espa\u00e7o no Rio, localizado no Casa Shopping, na Barra, com a exposi\u00e7\u00e3o \u201cO olhar como origem\u201d, do artista pl\u00e1stico Carlos Ara\u00fajo. <\/p>\n<p>*** Jaques Morelenbaum e Fred Martins recebem Marcelo Costa no palco do Blue Note Rio, em Copacabana, para celebrar o legado do mestre Jo\u00e3o Gilberto. O show acontece ter\u00e7a-feira que vem (17\/3), \u00e0s 20h. <\/p>\n<p>*** *** A Quinta da Boa Vista, no bairro de S\u00e3o Crist\u00f3v\u00e3o, recebe neste fim de semana (14 e 15\/3)\u00a0a edi\u00e7\u00e3o especial do St. Patrick &#8216;s Day do Rock 80 Festival. Com entrada gratuita, o evento re\u00fane shows de bandas cover, cervejas artesanais, incluindo r\u00f3tulos na tradicional cor verde, al\u00e9m de gastronomia tem\u00e1tica, feira de moda e artesanato e espa\u00e7o para toda a fam\u00edlia.<\/p>\n<p>*** O Barralife Medical Center realiza no dia 26 de mar\u00e7o, das 9h \u00e0s 12h, a 2\u00aa edi\u00e7\u00e3o do evento gratuito \u201cCaf\u00e9 com Elas\u201d, dedicado \u00e0 sa\u00fade, autoestima e bem-estar feminino. Vagas limitadas.<\/p>\n<p>Fotos: Tinga &#8211; Reprodu\u00e7\u00e3o \/ F\u00e1bio Porchat &#8211; Reprodu\u00e7\u00e3o \/ Lan\u00e7amento do livro de Dominique Jardy &#8211; Vera Donato \/ Marina Esteves &#8211; Divulga\u00e7\u00e3o \/ Anivers\u00e1rio de Regina Dantas &#8211; Jos\u00e9 Ol\u00edmpio &#8211; Chef Hugo Souza &#8211; Reprodu\u00e7\u00e3o \/ Show de Chico Chico na Sala Charles &#8211; Victor Carnevale\/Divulga\u00e7\u00e3o<\/p>","protected":false},"excerpt":{"rendered":"<p>Coluna semanal com personagens cariocas e os eventos que agitam a cidade<\/p>","protected":false},"author":4,"featured_media":23664,"comment_status":"open","ping_status":"open","sticky":false,"template":"","format":"standard","meta":{"googlesitekit_rrm_CAow6MXMDA:productID":"","footnotes":""},"categories":[269],"tags":[270],"class_list":["post-23663","post","type-post","status-publish","format-standard","has-post-thumbnail","hentry","category-noticias","tag-agenda"],"brizy_media":[],"_links":{"self":[{"href":"https:\/\/jornalcorporativo.com.br\/en\/wp-json\/wp\/v2\/posts\/23663","targetHints":{"allow":["GET"]}}],"collection":[{"href":"https:\/\/jornalcorporativo.com.br\/en\/wp-json\/wp\/v2\/posts"}],"about":[{"href":"https:\/\/jornalcorporativo.com.br\/en\/wp-json\/wp\/v2\/types\/post"}],"author":[{"embeddable":true,"href":"https:\/\/jornalcorporativo.com.br\/en\/wp-json\/wp\/v2\/users\/4"}],"replies":[{"embeddable":true,"href":"https:\/\/jornalcorporativo.com.br\/en\/wp-json\/wp\/v2\/comments?post=23663"}],"version-history":[{"count":0,"href":"https:\/\/jornalcorporativo.com.br\/en\/wp-json\/wp\/v2\/posts\/23663\/revisions"}],"wp:featuredmedia":[{"embeddable":true,"href":"https:\/\/jornalcorporativo.com.br\/en\/wp-json\/wp\/v2\/media\/23664"}],"wp:attachment":[{"href":"https:\/\/jornalcorporativo.com.br\/en\/wp-json\/wp\/v2\/media?parent=23663"}],"wp:term":[{"taxonomy":"category","embeddable":true,"href":"https:\/\/jornalcorporativo.com.br\/en\/wp-json\/wp\/v2\/categories?post=23663"},{"taxonomy":"post_tag","embeddable":true,"href":"https:\/\/jornalcorporativo.com.br\/en\/wp-json\/wp\/v2\/tags?post=23663"}],"curies":[{"name":"wp","href":"https:\/\/api.w.org\/{rel}","templated":true}]}}