{"id":23709,"date":"2026-03-13T22:26:13","date_gmt":"2026-03-14T01:26:13","guid":{"rendered":"https:\/\/jornalcorporativo.com.br\/noticias\/skechers-estreia-no-rio-de-janeiro-com-abertura-de-loja-no-barrashopping-e-planeja-crescimento-no-pais\/"},"modified":"2026-03-13T22:26:13","modified_gmt":"2026-03-14T01:26:13","slug":"skechers-estreia-no-rio-de-janeiro-com-abertura-de-loja-no-barrashopping-e-planeja-crescimento-no-pais","status":"publish","type":"post","link":"https:\/\/jornalcorporativo.com.br\/en\/noticias\/skechers-estreia-no-rio-de-janeiro-com-abertura-de-loja-no-barrashopping-e-planeja-crescimento-no-pais\/","title":{"rendered":"Skechers estreia no Rio de Janeiro com abertura de loja no BarraShopping e planeja crescimento no pa\u00eds."},"content":{"rendered":"<p>A renomada marca global de cal\u00e7ados Skechers acaba de inaugurar sua primeira loja no Rio de Janeiro, mais precisamente no BarraShopping, na Barra da Tijuca. Essa \u00e9 a segunda loja de opera\u00e7\u00e3o pr\u00f3pria da empresa no Brasil e a nona no territ\u00f3rio nacional.<\/p>\n<p>Essa abertura faz parte de um plano estrat\u00e9gico da companhia para expandir diretamente no mercado varejista brasileiro. At\u00e9 ent\u00e3o, os produtos da Skechers eram principalmente vendidos por meio de parceiros e revendedores terceirizados.<\/p>\n<p>No in\u00edcio deste ano, a empresa deu in\u00edcio a essa nova fase com a abertura de sua primeira loja pr\u00f3pria no S\u00f3 Marcas Outlet, em S\u00e3o Paulo, um local tradicional para compras de artigos esportivos.<\/p>\n<p>O presidente global da Skechers, Michael Greenberg, declarou que a empresa enxerga um grande potencial de crescimento no mercado brasileiro.<\/p>\n<p>&#8220;Com 5,3 mil lojas globalmente, a Skechers tem uma presen\u00e7a estrat\u00e9gica em seis continentes. No Brasil, vemos muitas oportunidades para levar nossas tecnologias de conforto aos consumidores. Estamos planejando continuar investindo no pa\u00eds, abrindo novas lojas em cidades-chave, lan\u00e7ando uma plataforma de e-commerce e expandindo a presen\u00e7a da marca com parceiros&#8221;, afirmou.<\/p>\n<p>A country manager da Skechers no Brasil, Sabrina M\u00f4naco, explicou que a escolha do BarraShopping reflete a import\u00e2ncia do Rio de Janeiro no plano de expans\u00e3o da empresa.<\/p>\n<p>&#8220;Essa inaugura\u00e7\u00e3o \u00e9 um marco significativo para a Skechers no Brasil, fortalecendo nosso relacionamento com os consumidores e aumentando a visibilidade da marca no mercado nacional. Estar em um centro de varejo t\u00e3o relevante para o Rio e para o pa\u00eds nos permite estar mais pr\u00f3ximos do p\u00fablico e refor\u00e7ar nossa identidade de conforto, tecnologia e inova\u00e7\u00e3o&#8221;, disse.<\/p>\n<p>A nova loja conceito tem uma \u00e1rea de 185 metros quadrados e apresenta parte do portf\u00f3lio global da marca, com modelos casuais, esportivos, de caminhada, sand\u00e1lias e linhas espec\u00edficas para diversas modalidades esportivas, como corrida, basquete, futebol, aventura e trabalho. O espa\u00e7o tamb\u00e9m conta com op\u00e7\u00f5es da linha infantil.<\/p>\n<p>Reconhecida por suas tecnologias voltadas para o conforto e desempenho, a Skechers destaca na loja algumas de suas principais inova\u00e7\u00f5es, como Hands Free Slip-ins\u00ae, Arch Fit\u00ae, Max Cushioning\u00ae, Hyper Burst\u00ae e Air-Cooled Memory Foam\u00ae, entre outras.<\/p>\n<p>Al\u00e9m das lojas no Rio de Janeiro e em Guarulhos, a marca est\u00e1 presente em cidades como Campinas, Foz do Igua\u00e7u, Recife, Ribeir\u00e3o Preto e S\u00e3o Jos\u00e9 do Rio Preto, e est\u00e1 se preparando para novas etapas de expans\u00e3o no pa\u00eds.<\/p>\n<p>A empresa tamb\u00e9m planeja ampliar seus canais de venda, com o lan\u00e7amento de uma plataforma de e-commerce pr\u00f3pria e a expans\u00e3o da presen\u00e7a da marca em redes varejistas parceiras.<\/p>","protected":false},"excerpt":{"rendered":"<p>Terceira maior marca de cal\u00e7ados do mundo abre loja conceito de 185 m\u00b2 e refor\u00e7a estrat\u00e9gia de crescimento no mercado brasileiro<\/p>","protected":false},"author":4,"featured_media":23710,"comment_status":"open","ping_status":"open","sticky":false,"template":"","format":"standard","meta":{"googlesitekit_rrm_CAow6MXMDA:productID":"","footnotes":""},"categories":[269],"tags":[55,277],"class_list":["post-23709","post","type-post","status-publish","format-standard","has-post-thumbnail","hentry","category-noticias","tag-economia","tag-rio-de-janeiro"],"brizy_media":[],"_links":{"self":[{"href":"https:\/\/jornalcorporativo.com.br\/en\/wp-json\/wp\/v2\/posts\/23709","targetHints":{"allow":["GET"]}}],"collection":[{"href":"https:\/\/jornalcorporativo.com.br\/en\/wp-json\/wp\/v2\/posts"}],"about":[{"href":"https:\/\/jornalcorporativo.com.br\/en\/wp-json\/wp\/v2\/types\/post"}],"author":[{"embeddable":true,"href":"https:\/\/jornalcorporativo.com.br\/en\/wp-json\/wp\/v2\/users\/4"}],"replies":[{"embeddable":true,"href":"https:\/\/jornalcorporativo.com.br\/en\/wp-json\/wp\/v2\/comments?post=23709"}],"version-history":[{"count":0,"href":"https:\/\/jornalcorporativo.com.br\/en\/wp-json\/wp\/v2\/posts\/23709\/revisions"}],"wp:featuredmedia":[{"embeddable":true,"href":"https:\/\/jornalcorporativo.com.br\/en\/wp-json\/wp\/v2\/media\/23710"}],"wp:attachment":[{"href":"https:\/\/jornalcorporativo.com.br\/en\/wp-json\/wp\/v2\/media?parent=23709"}],"wp:term":[{"taxonomy":"category","embeddable":true,"href":"https:\/\/jornalcorporativo.com.br\/en\/wp-json\/wp\/v2\/categories?post=23709"},{"taxonomy":"post_tag","embeddable":true,"href":"https:\/\/jornalcorporativo.com.br\/en\/wp-json\/wp\/v2\/tags?post=23709"}],"curies":[{"name":"wp","href":"https:\/\/api.w.org\/{rel}","templated":true}]}}