{"id":24027,"date":"2026-03-24T22:31:07","date_gmt":"2026-03-25T01:31:07","guid":{"rendered":"https:\/\/jornalcorporativo.com.br\/noticias\/epilepsia-conheca-os-sinais-alem-das-convulsoes-e-saiba-como-agir-em-uma-crise\/"},"modified":"2026-03-24T22:31:07","modified_gmt":"2026-03-25T01:31:07","slug":"epilepsia-conheca-os-sinais-alem-das-convulsoes-e-saiba-como-agir-em-uma-crise","status":"publish","type":"post","link":"https:\/\/jornalcorporativo.com.br\/en\/noticias\/epilepsia-conheca-os-sinais-alem-das-convulsoes-e-saiba-como-agir-em-uma-crise\/","title":{"rendered":"Epilepsia: conhe\u00e7a os sinais al\u00e9m das convuls\u00f5es e saiba como agir em uma crise"},"content":{"rendered":"<p>O m\u00eas de mar\u00e7o \u00e9 marcado pela campanha Mar\u00e7o Roxo, iniciativa que busca ampliar a conscientiza\u00e7\u00e3o sobre a epilepsia, uma das doen\u00e7as neurol\u00f3gicas mais comuns no mundo. A mobiliza\u00e7\u00e3o refor\u00e7a a import\u00e2ncia do diagn\u00f3stico precoce, do acesso \u00e0 informa\u00e7\u00e3o e do combate ao estigma que ainda cerca a condi\u00e7\u00e3o, que afeta milh\u00f5es de pessoas no Brasil e no mundo.<\/p>\n<p>Segundo a Organiza\u00e7\u00e3o Mundial da Sa\u00fade, cerca de 50 milh\u00f5es de pessoas vivem com epilepsia globalmente. No Brasil, estima-se que aproximadamente 2% da popula\u00e7\u00e3o conviva com a doen\u00e7a, o que evidencia a relev\u00e2ncia de campanhas educativas e de preven\u00e7\u00e3o.<\/p>\n<p>A epilepsia \u00e9 caracterizada por crises epil\u00e9pticas recorrentes, provocadas por descargas el\u00e9tricas anormais no c\u00e9rebro. Embora a forma mais conhecida seja a convulsiva, com perda de consci\u00eancia e movimentos involunt\u00e1rios, h\u00e1 manifesta\u00e7\u00f5es mais sutis que muitas vezes passam despercebidas. Epis\u00f3dios de \u201cdesligamento\u201d do ambiente, movimentos repetitivos involunt\u00e1rios, sensa\u00e7\u00f5es estranhas, como odores inexistentes e confus\u00e3o s\u00fabita est\u00e3o entre os sinais de alerta.<\/p>\n<p>Segundo a neurologista Aline Vidal, as manifesta\u00e7\u00f5es variam conforme a \u00e1rea cerebral afetada. Por isso, a repeti\u00e7\u00e3o desses sinais deve levar \u00e0 busca por avalia\u00e7\u00e3o m\u00e9dica especializada.<\/p>\n<p>\u201cNem todas as crises envolvem convuls\u00f5es. Existem epis\u00f3dios breves de aus\u00eancia ou altera\u00e7\u00f5es sensoriais que podem dificultar o diagn\u00f3stico\u201d, explica. <\/p>\n<p>As causas da epilepsia s\u00e3o diversas e nem sempre identific\u00e1veis. Em muitos casos, especialmente na inf\u00e2ncia, trata-se de epilepsia idiop\u00e1tica, sem origem definida. No entanto, fatores como traumatismos cranianos, AVC, tumores, infec\u00e7\u00f5es do sistema nervoso como meningite e altera\u00e7\u00f5es gen\u00e9ticas podem estar associados ao desenvolvimento da doen\u00e7a.<\/p>\n<p>O diagn\u00f3stico \u00e9 feito principalmente com base na descri\u00e7\u00e3o cl\u00ednica das crises, podendo ser complementado por exames. Apesar de n\u00e3o haver cura em todos os casos, a maioria dos pacientes consegue controlar as crises com o uso de medicamentos antiepil\u00e9pticos, que reduzem a atividade el\u00e9trica anormal do c\u00e9rebro.<\/p>\n<p>A jornalista C\u00edntia Neves, hoje com 52 anos, conviveu com a epilepsia desde a adolesc\u00eancia. Inicialmente, os sintomas n\u00e3o eram convulsivos, o que atrasou o diagn\u00f3stico. Mesmo com tratamento, chegou a ter at\u00e9 sete crises em um \u00fanico dia, especialmente em momentos de estresse.<\/p>\n<p>\u201cEu ficava ausente, enrolava a fala e babava. N\u00e3o ca\u00eda, mas parecia fora do ar\u201d, lembrou. <\/p>\n<p>A virada aconteceu aos 30 anos, quando passou por uma cirurgia para retirada da \u00e1rea do c\u00e9rebro onde as crises se originavam. O procedimento, indicado para casos que n\u00e3o respondem \u00e0 medica\u00e7\u00e3o, mudou sua rotina.<\/p>\n<p> \u201cMinha vida mudou completamente. Hoje tenho uma vida praticamente normal\u201d, disse.<\/p>\n<p>Al\u00e9m da conscientiza\u00e7\u00e3o, a campanha tamb\u00e9m orienta sobre como agir diante de uma crise. A recomenda\u00e7\u00e3o \u00e9 manter a calma, deitar a pessoa de lado para evitar sufocamento, afastar objetos que possam causar ferimentos e proteger a cabe\u00e7a at\u00e9 o fim do epis\u00f3dio. N\u00e3o se deve tentar conter os movimentos, nem colocar objetos ou os dedos na boca da pessoa.<\/p>","protected":false},"excerpt":{"rendered":"<p>Campanha Mar\u00e7o Roxo alerta a import\u00e2ncia do diagn\u00f3stico precoce, orienta sobre sinais menos conhecidos e ensina como agir diante de crises para reduzir riscos e preconceitos<\/p>","protected":false},"author":4,"featured_media":0,"comment_status":"open","ping_status":"open","sticky":false,"template":"","format":"standard","meta":{"googlesitekit_rrm_CAow6MXMDA:productID":"","footnotes":""},"categories":[269],"tags":[127],"class_list":["post-24027","post","type-post","status-publish","format-standard","hentry","category-noticias","tag-saude"],"brizy_media":[],"_links":{"self":[{"href":"https:\/\/jornalcorporativo.com.br\/en\/wp-json\/wp\/v2\/posts\/24027","targetHints":{"allow":["GET"]}}],"collection":[{"href":"https:\/\/jornalcorporativo.com.br\/en\/wp-json\/wp\/v2\/posts"}],"about":[{"href":"https:\/\/jornalcorporativo.com.br\/en\/wp-json\/wp\/v2\/types\/post"}],"author":[{"embeddable":true,"href":"https:\/\/jornalcorporativo.com.br\/en\/wp-json\/wp\/v2\/users\/4"}],"replies":[{"embeddable":true,"href":"https:\/\/jornalcorporativo.com.br\/en\/wp-json\/wp\/v2\/comments?post=24027"}],"version-history":[{"count":0,"href":"https:\/\/jornalcorporativo.com.br\/en\/wp-json\/wp\/v2\/posts\/24027\/revisions"}],"wp:attachment":[{"href":"https:\/\/jornalcorporativo.com.br\/en\/wp-json\/wp\/v2\/media?parent=24027"}],"wp:term":[{"taxonomy":"category","embeddable":true,"href":"https:\/\/jornalcorporativo.com.br\/en\/wp-json\/wp\/v2\/categories?post=24027"},{"taxonomy":"post_tag","embeddable":true,"href":"https:\/\/jornalcorporativo.com.br\/en\/wp-json\/wp\/v2\/tags?post=24027"}],"curies":[{"name":"wp","href":"https:\/\/api.w.org\/{rel}","templated":true}]}}