{"id":24047,"date":"2026-03-25T22:32:09","date_gmt":"2026-03-26T01:32:09","guid":{"rendered":"https:\/\/jornalcorporativo.com.br\/noticias\/claudio-castro-e-convidado-pelo-pp-para-se-juntar-a-federacao-uniao-progressistas-apos-condenacao\/"},"modified":"2026-03-25T22:32:09","modified_gmt":"2026-03-26T01:32:09","slug":"claudio-castro-e-convidado-pelo-pp-para-se-juntar-a-federacao-uniao-progressistas-apos-condenacao","status":"publish","type":"post","link":"https:\/\/jornalcorporativo.com.br\/en\/noticias\/claudio-castro-e-convidado-pelo-pp-para-se-juntar-a-federacao-uniao-progressistas-apos-condenacao\/","title":{"rendered":"Cl\u00e1udio Castro \u00e9 convidado pelo PP para se juntar \u00e0 federa\u00e7\u00e3o Uni\u00e3o-Progressistas ap\u00f3s condena\u00e7\u00e3o."},"content":{"rendered":"<p>O l\u00edder nacional do Progressistas (PP), senador Ciro Nogueira, comunicou hoje que convidou o ex-governador Cl\u00e1udio Castro para se juntar ao partido. Segundo ele, a federa\u00e7\u00e3o Uni\u00e3o-Progressistas est\u00e1 de bra\u00e7os abertos para receber o ex-l\u00edder do governo do Rio de Janeiro.<\/p>\n<p>A declara\u00e7\u00e3o foi feita um dia depois de Cl\u00e1udio Castro ser condenado pelo Tribunal Superior Eleitoral (TSE) por abuso de poder pol\u00edtico nas elei\u00e7\u00f5es de 2022. O ex-governador, que renunciou ao cargo na segunda-feira (23) com o objetivo de concorrer ao Senado, teve seu diploma cassado e foi considerado ineleg\u00edvel at\u00e9 2030.<\/p>\n<p>Mesmo diante da decis\u00e3o do TSE, Ciro Nogueira defendeu seu aliado e acredita na revers\u00e3o da puni\u00e7\u00e3o. Em uma publica\u00e7\u00e3o, o senador afirmou: &#8220;Acompanhamos sua trajet\u00f3ria, conhecemos sua integridade e confiamos que a justi\u00e7a prevalecer\u00e1, trazendo-o de volta ao palco eleitoral&#8221;, destacou Ciro Nogueira.<\/p>\n<p>A a\u00e7\u00e3o do l\u00edder do PP acontece em meio \u00e0 repercuss\u00e3o da decis\u00e3o do TSE, que tamb\u00e9m afetou outros nomes ligados ao grupo pol\u00edtico de Castro. O caso diz respeito ao uso de contratos tempor\u00e1rios considerados irregulares na Funda\u00e7\u00e3o Ceperj e na Universidade do Estado do Rio de Janeiro (UERJ) para remunera\u00e7\u00e3o de apoiadores pol\u00edticos.<\/p>\n<p>Al\u00e9m de Cl\u00e1udio Castro, tamb\u00e9m foram considerados ineleg\u00edveis o deputado estadual Rodrigo Bacellar, do Uni\u00e3o Brasil, presidente afastado da Alerj, e o ex-presidente da Ceperj, Gabriel Rodrigues Lopes.<\/p>\n<p>No parecer, a relatora do processo, ministra Isabel Gallotti, ressaltou que as contrata\u00e7\u00f5es fraudulentas foram possibilitadas por uma lei sancionada pelo pr\u00f3prio Castro. A ju\u00edza tamb\u00e9m destacou a gravidade do modelo de pagamento adotado, com saques em dinheiro vivo, sem requisitos formais m\u00ednimos e concentrados em Campos dos Goytacazes, base eleitoral de Bacellar.<\/p>","protected":false},"excerpt":{"rendered":"<p>O presidente nacional do Progressistas, Ciro Nogueira, convidou o ex-governador Cl\u00e1udio Castro para se filiar ao partido ap\u00f3s a condena\u00e7\u00e3o no TSE. Senador diz acreditar na revers\u00e3o da inelegibilidade e afirma que a federa\u00e7\u00e3o Uni\u00e3o-Progressistas est\u00e1 pronta para receb\u00ea-lo.<\/p>","protected":false},"author":4,"featured_media":0,"comment_status":"open","ping_status":"open","sticky":false,"template":"","format":"standard","meta":{"_crdt_document":"","footnotes":""},"categories":[269],"tags":[278],"class_list":["post-24047","post","type-post","status-publish","format-standard","hentry","category-noticias","tag-politica"],"brizy_media":[],"_links":{"self":[{"href":"https:\/\/jornalcorporativo.com.br\/en\/wp-json\/wp\/v2\/posts\/24047","targetHints":{"allow":["GET"]}}],"collection":[{"href":"https:\/\/jornalcorporativo.com.br\/en\/wp-json\/wp\/v2\/posts"}],"about":[{"href":"https:\/\/jornalcorporativo.com.br\/en\/wp-json\/wp\/v2\/types\/post"}],"author":[{"embeddable":true,"href":"https:\/\/jornalcorporativo.com.br\/en\/wp-json\/wp\/v2\/users\/4"}],"replies":[{"embeddable":true,"href":"https:\/\/jornalcorporativo.com.br\/en\/wp-json\/wp\/v2\/comments?post=24047"}],"version-history":[{"count":0,"href":"https:\/\/jornalcorporativo.com.br\/en\/wp-json\/wp\/v2\/posts\/24047\/revisions"}],"wp:attachment":[{"href":"https:\/\/jornalcorporativo.com.br\/en\/wp-json\/wp\/v2\/media?parent=24047"}],"wp:term":[{"taxonomy":"category","embeddable":true,"href":"https:\/\/jornalcorporativo.com.br\/en\/wp-json\/wp\/v2\/categories?post=24047"},{"taxonomy":"post_tag","embeddable":true,"href":"https:\/\/jornalcorporativo.com.br\/en\/wp-json\/wp\/v2\/tags?post=24047"}],"curies":[{"name":"wp","href":"https:\/\/api.w.org\/{rel}","templated":true}]}}