{"id":24050,"date":"2026-03-25T22:32:15","date_gmt":"2026-03-26T01:32:15","guid":{"rendered":"https:\/\/jornalcorporativo.com.br\/noticias\/vitoria-na-grande-tijuca-acao-permite-expansao-dos-servicos-urbanos-as-ruas-locais-da-regiao\/"},"modified":"2026-03-25T22:32:15","modified_gmt":"2026-03-26T01:32:15","slug":"vitoria-na-grande-tijuca-acao-permite-expansao-dos-servicos-urbanos-as-ruas-locais-da-regiao","status":"publish","type":"post","link":"https:\/\/jornalcorporativo.com.br\/en\/noticias\/vitoria-na-grande-tijuca-acao-permite-expansao-dos-servicos-urbanos-as-ruas-locais-da-regiao\/","title":{"rendered":"Vit\u00f3ria na Grande Tijuca: A\u00e7\u00e3o permite expans\u00e3o dos servi\u00e7os urbanos \u00e0s ruas locais da regi\u00e3o."},"content":{"rendered":"<p>A Subprefeitura da Grande Tijuca iniciou hoje uma nova frente de atendimento integrado voltada para ruas internas da regi\u00e3o. O objetivo \u00e9 proporcionar servi\u00e7os p\u00fablicos em vias menos movimentadas, que geralmente n\u00e3o recebem muita aten\u00e7\u00e3o em termos de manuten\u00e7\u00e3o e ordenamento urbano.<\/p>\n<p>A a\u00e7\u00e3o envolve Comlurb, Light, Secretaria de Conserva\u00e7\u00e3o, CET-Rio e Guarda Municipal. A ideia \u00e9 unir diferentes equipes de trabalho no mesmo local, com uma abordagem coordenada para atender \u00e0s demandas locais da Grande Tijuca.<\/p>\n<p>Os servi\u00e7os incluem limpeza de bueiros, varri\u00e7\u00e3o, lavagem das ruas, manuten\u00e7\u00e3o e limpeza de placas de sinaliza\u00e7\u00e3o, al\u00e9m de outras atividades de conserva\u00e7\u00e3o urbana. A presen\u00e7a da CET-Rio e da Guarda Municipal tamb\u00e9m contribuir\u00e1 para a organiza\u00e7\u00e3o do tr\u00e2nsito, ordenamento do espa\u00e7o p\u00fablico e apoio \u00e0s equipes durante os trabalhos.<\/p>\n<p>Conforme o subprefeito Higor Gomes, o foco \u00e9 aproximar os servi\u00e7os das necessidades dos moradores. &#8220;Queremos estar mais pr\u00f3ximos da popula\u00e7\u00e3o, levando servi\u00e7os essenciais para os bairros e garantindo que essas ruas, muitas vezes esquecidas, tamb\u00e9m recebam a aten\u00e7\u00e3o devida. Este \u00e9 um trabalho de zelo, manuten\u00e7\u00e3o e presen\u00e7a do poder p\u00fablico no cotidiano das pessoas&#8221;, destaca Higor Gomes.<\/p>\n<p>Segundo a subprefeitura, a a\u00e7\u00e3o ser\u00e1 cont\u00ednua e abranger\u00e1 diferentes vias da Grande Tijuca nos pr\u00f3ximos meses. O objetivo \u00e9 ampliar a oferta de servi\u00e7os p\u00fablicos em \u00e1reas que, frequentemente, n\u00e3o recebem a aten\u00e7\u00e3o necess\u00e1ria.<\/p>","protected":false},"excerpt":{"rendered":"<p>A Subprefeitura da Grande Tijuca lan\u00e7ou nesta quarta-feira (25) uma a\u00e7\u00e3o integrada para ampliar servi\u00e7os urbanos em ruas internas da regi\u00e3o. O projeto re\u00fane \u00f3rg\u00e3os municipais e concession\u00e1ria para refor\u00e7ar limpeza, conserva\u00e7\u00e3o, sinaliza\u00e7\u00e3o e ordenamento em vias que costumam ficar fora das rotas principais.<\/p>","protected":false},"author":4,"featured_media":0,"comment_status":"open","ping_status":"open","sticky":false,"template":"","format":"standard","meta":{"_crdt_document":"","footnotes":""},"categories":[269],"tags":[277],"class_list":["post-24050","post","type-post","status-publish","format-standard","hentry","category-noticias","tag-rio-de-janeiro"],"brizy_media":[],"_links":{"self":[{"href":"https:\/\/jornalcorporativo.com.br\/en\/wp-json\/wp\/v2\/posts\/24050","targetHints":{"allow":["GET"]}}],"collection":[{"href":"https:\/\/jornalcorporativo.com.br\/en\/wp-json\/wp\/v2\/posts"}],"about":[{"href":"https:\/\/jornalcorporativo.com.br\/en\/wp-json\/wp\/v2\/types\/post"}],"author":[{"embeddable":true,"href":"https:\/\/jornalcorporativo.com.br\/en\/wp-json\/wp\/v2\/users\/4"}],"replies":[{"embeddable":true,"href":"https:\/\/jornalcorporativo.com.br\/en\/wp-json\/wp\/v2\/comments?post=24050"}],"version-history":[{"count":0,"href":"https:\/\/jornalcorporativo.com.br\/en\/wp-json\/wp\/v2\/posts\/24050\/revisions"}],"wp:attachment":[{"href":"https:\/\/jornalcorporativo.com.br\/en\/wp-json\/wp\/v2\/media?parent=24050"}],"wp:term":[{"taxonomy":"category","embeddable":true,"href":"https:\/\/jornalcorporativo.com.br\/en\/wp-json\/wp\/v2\/categories?post=24050"},{"taxonomy":"post_tag","embeddable":true,"href":"https:\/\/jornalcorporativo.com.br\/en\/wp-json\/wp\/v2\/tags?post=24050"}],"curies":[{"name":"wp","href":"https:\/\/api.w.org\/{rel}","templated":true}]}}