{"id":24051,"date":"2026-03-25T22:32:17","date_gmt":"2026-03-26T01:32:17","guid":{"rendered":"https:\/\/jornalcorporativo.com.br\/noticias\/psd-insiste-em-eleicao-indireta-para-mandato-tampao-no-rio-mesmo-diante-da-pressao-por-voto-popular\/"},"modified":"2026-03-25T22:32:17","modified_gmt":"2026-03-26T01:32:17","slug":"psd-insiste-em-eleicao-indireta-para-mandato-tampao-no-rio-mesmo-diante-da-pressao-por-voto-popular","status":"publish","type":"post","link":"https:\/\/jornalcorporativo.com.br\/en\/noticias\/psd-insiste-em-eleicao-indireta-para-mandato-tampao-no-rio-mesmo-diante-da-pressao-por-voto-popular\/","title":{"rendered":"&#8220;PSD insiste em elei\u00e7\u00e3o indireta para mandato-tamp\u00e3o no Rio, mesmo diante da press\u00e3o por voto popular&#8221;"},"content":{"rendered":"<p>A elei\u00e7\u00e3o para o mandato-tamp\u00e3o no governo do Rio de Janeiro caminha para ser indireta, com escolha pela Alerj, e n\u00e3o pelo voto popular. A leitura ganhou for\u00e7a depois que o TSE tornou Cl\u00e1udio Castro ineleg\u00edvel por oito anos e considerou prejudicada a cassa\u00e7\u00e3o do diploma de governador, j\u00e1 que ele havia renunciado ao cargo na v\u00e9spera do julgamento.<\/p>\n<p>Na pr\u00e1tica, isso mant\u00e9m de p\u00e9 o cen\u00e1rio de dupla vac\u00e2ncia por raz\u00e3o n\u00e3o eleitoral, j\u00e1 que o ex-vice Thiago Pampolha tamb\u00e9m deixou o cargo para assumir vaga no Tribunal de Contas do Estado. Em not\u00edcia publicada nesta quarta-feira, a Ag\u00eancia Brasil afirmou que, nesse quadro, a elei\u00e7\u00e3o indireta dever\u00e1 ocorrer no estado.<\/p>\n<p>O governador em exerc\u00edcio, desembargador Ricardo Couto, adotou cautela e chegou a oficiar o TSE para esclarecer formalmente se a escolha do sucessor ser\u00e1 direta ou indireta. Em entrevista coletiva, ele disse que o conte\u00fado do julgamento apontava para a elei\u00e7\u00e3o indireta, mas que preferia uma manifesta\u00e7\u00e3o expressa da Corte para evitar questionamentos futuros.<\/p>\n<p>H\u00e1, por\u00e9m, uma pe\u00e7a ainda em aberto nesse tabuleiro. O PSD, partido de Eduardo Paes, acionou o STF contra a lei fluminense que regulamentou a elei\u00e7\u00e3o indireta em caso de dupla vac\u00e2ncia. A sigla sustenta que a norma estadual invade compet\u00eancia federal e tenta reabrir a discuss\u00e3o sobre o modelo da sucess\u00e3o. At\u00e9 aqui, essa ofensiva n\u00e3o foi julgada no m\u00e9rito.<\/p>\n<p>O que est\u00e1 em an\u00e1lise agora no plen\u00e1rio virtual do STF \u00e9 a liminar do ministro Luiz Fux que suspendeu trechos da lei aprovada pela Alerj, como o voto aberto e o prazo-rel\u00e2mpago de 24 horas para desincompatibiliza\u00e7\u00e3o. O julgamento come\u00e7ou nesta quarta e deve terminar na pr\u00f3xima segunda-feira. Ou seja: as regras da elei\u00e7\u00e3o indireta est\u00e3o sob exame, mas o pedido pol\u00edtico mais amplo por uma sa\u00edda direta ainda segue pendente.<\/p>\n<p>No fim das contas, o roteiro hoje aponta para uma escolha dentro da Assembleia Legislativa, mas o caso ainda n\u00e3o est\u00e1 completamente blindado de disputa judicial. O campo de Eduardo Paes continua tentando tirar a decis\u00e3o do plen\u00e1rio da Alerj e lev\u00e1-la de volta \u00e0s urnas.<\/p>","protected":false},"excerpt":{"rendered":"<p>A sucess\u00e3o no governo do Rio de Janeiro caminha para uma elei\u00e7\u00e3o indireta na Alerj ap\u00f3s a ren\u00fancia de Cl\u00e1udio Castro e a vac\u00e2ncia da vice-governadoria. Mesmo assim, ainda n\u00e3o foi julgada a ofensiva do PSD, partido de Eduardo Paes, que tenta empurrar o caso para uma elei\u00e7\u00e3o direta.<\/p>","protected":false},"author":4,"featured_media":0,"comment_status":"open","ping_status":"open","sticky":false,"template":"","format":"standard","meta":{"_crdt_document":"","footnotes":""},"categories":[269],"tags":[271,278],"class_list":["post-24051","post","type-post","status-publish","format-standard","hentry","category-noticias","tag-destaque","tag-politica"],"brizy_media":[],"_links":{"self":[{"href":"https:\/\/jornalcorporativo.com.br\/en\/wp-json\/wp\/v2\/posts\/24051","targetHints":{"allow":["GET"]}}],"collection":[{"href":"https:\/\/jornalcorporativo.com.br\/en\/wp-json\/wp\/v2\/posts"}],"about":[{"href":"https:\/\/jornalcorporativo.com.br\/en\/wp-json\/wp\/v2\/types\/post"}],"author":[{"embeddable":true,"href":"https:\/\/jornalcorporativo.com.br\/en\/wp-json\/wp\/v2\/users\/4"}],"replies":[{"embeddable":true,"href":"https:\/\/jornalcorporativo.com.br\/en\/wp-json\/wp\/v2\/comments?post=24051"}],"version-history":[{"count":0,"href":"https:\/\/jornalcorporativo.com.br\/en\/wp-json\/wp\/v2\/posts\/24051\/revisions"}],"wp:attachment":[{"href":"https:\/\/jornalcorporativo.com.br\/en\/wp-json\/wp\/v2\/media?parent=24051"}],"wp:term":[{"taxonomy":"category","embeddable":true,"href":"https:\/\/jornalcorporativo.com.br\/en\/wp-json\/wp\/v2\/categories?post=24051"},{"taxonomy":"post_tag","embeddable":true,"href":"https:\/\/jornalcorporativo.com.br\/en\/wp-json\/wp\/v2\/tags?post=24051"}],"curies":[{"name":"wp","href":"https:\/\/api.w.org\/{rel}","templated":true}]}}