{"id":24052,"date":"2026-03-25T22:32:19","date_gmt":"2026-03-26T01:32:19","guid":{"rendered":"https:\/\/jornalcorporativo.com.br\/noticias\/festival-gratuito-na-barra-encontro-de-gastronomia-musica-e-natureza\/"},"modified":"2026-03-25T22:32:19","modified_gmt":"2026-03-26T01:32:19","slug":"festival-gratuito-na-barra-encontro-de-gastronomia-musica-e-natureza","status":"publish","type":"post","link":"https:\/\/jornalcorporativo.com.br\/en\/noticias\/festival-gratuito-na-barra-encontro-de-gastronomia-musica-e-natureza\/","title":{"rendered":"Festival gratuito na Barra: Encontro de Gastronomia, M\u00fasica e Natureza"},"content":{"rendered":"<p>O bairro planejado Ilha Pura, na Barra da Tijuca, est\u00e1 promovendo o festival Pura Vibe, que oferece m\u00fasica ao vivo, experi\u00eancias gastron\u00f4micas, atividades ao ar livre e atra\u00e7\u00f5es para todas as idades. O evento ocorre de sexta-feira (27\/03) a domingo (29\/03) e tem como objetivo mostrar o estilo de vida do bairro, proporcionando momentos de conviv\u00eancia, cultura e bem-estar para moradores e visitantes.<\/p>\n<p>A programa\u00e7\u00e3o conta com DJ Sanmy e Banda Rock Blenders na sexta-feira, DJ Sanmy e concerto Candlelight no s\u00e1bado, e DJ Sanmy, Banda Aliens Ninja e Banda Side 80 no domingo. Al\u00e9m das atra\u00e7\u00f5es musicais, o p\u00fablico pode desfrutar de food trucks, cervejas artesanais, espa\u00e7o kids, brinquedos infl\u00e1veis e \u00e1reas ao ar livre para lazer durante todos os dias do evento. A entrada \u00e9 gratuita e o estacionamento est\u00e1 sujeito \u00e0 lota\u00e7\u00e3o.<\/p>\n<p>O festival faz parte do lan\u00e7amento do residencial Pura por Artefacto e integra a agenda de experi\u00eancias do bairro Ilha Pura. O evento visa proporcionar viv\u00eancias que reflitam o estilo de vida local, com momentos de cultura, gastronomia e bem-estar para a comunidade. <\/p>\n<p>Confira abaixo a programa\u00e7\u00e3o completa:<\/p>\n<p>Sexta-feira (27\/03): 18h \u2013 DJ Sanmy | 20h \u2013 Banda Rock Blenders<\/p>\n<p>S\u00e1bado (28\/03): 16h \u2013 DJ Sanmy | 19h \u2013 Candlelight (concerto \u00e0 luz de velas)<\/p>\n<p>Domingo (29\/03): 16h \u2013 DJ Sanmy | 17h \u2013 Banda Aliens Ninja (infantil) | Encerramento \u2013 Banda Side 80<\/p>\n<p>Servi\u00e7o:<\/p>\n<p>Local: Parque das \u00c1guas \u2013 Ilha Pura (Barra Ol\u00edmpica), Avenida Salvador Allende, 3.200, Rio de Janeiro<\/p>\n<p>Datas: 27, 28 e 29 de mar\u00e7o<\/p>\n<p>Entrada: Gratuita<\/p>\n<p>Estacionamento: Gratuito, sujeito \u00e0 lota\u00e7\u00e3o<\/p>\n<p>Classifica\u00e7\u00e3o: Livre<\/p>\n<p>Inscri\u00e7\u00f5es gratuitas: https:\/\/ilhapura.com.br<\/p>","protected":false},"excerpt":{"rendered":"<p>Tr\u00eas dias de programa\u00e7\u00e3o para toda a fam\u00edlia incluem Candlelight, DJs, bandas ao vivo, food trucks e espa\u00e7o kids<\/p>","protected":false},"author":4,"featured_media":0,"comment_status":"open","ping_status":"open","sticky":false,"template":"","format":"standard","meta":{"_crdt_document":"","footnotes":""},"categories":[269],"tags":[270],"class_list":["post-24052","post","type-post","status-publish","format-standard","hentry","category-noticias","tag-agenda"],"brizy_media":[],"_links":{"self":[{"href":"https:\/\/jornalcorporativo.com.br\/en\/wp-json\/wp\/v2\/posts\/24052","targetHints":{"allow":["GET"]}}],"collection":[{"href":"https:\/\/jornalcorporativo.com.br\/en\/wp-json\/wp\/v2\/posts"}],"about":[{"href":"https:\/\/jornalcorporativo.com.br\/en\/wp-json\/wp\/v2\/types\/post"}],"author":[{"embeddable":true,"href":"https:\/\/jornalcorporativo.com.br\/en\/wp-json\/wp\/v2\/users\/4"}],"replies":[{"embeddable":true,"href":"https:\/\/jornalcorporativo.com.br\/en\/wp-json\/wp\/v2\/comments?post=24052"}],"version-history":[{"count":0,"href":"https:\/\/jornalcorporativo.com.br\/en\/wp-json\/wp\/v2\/posts\/24052\/revisions"}],"wp:attachment":[{"href":"https:\/\/jornalcorporativo.com.br\/en\/wp-json\/wp\/v2\/media?parent=24052"}],"wp:term":[{"taxonomy":"category","embeddable":true,"href":"https:\/\/jornalcorporativo.com.br\/en\/wp-json\/wp\/v2\/categories?post=24052"},{"taxonomy":"post_tag","embeddable":true,"href":"https:\/\/jornalcorporativo.com.br\/en\/wp-json\/wp\/v2\/tags?post=24052"}],"curies":[{"name":"wp","href":"https:\/\/api.w.org\/{rel}","templated":true}]}}