{"id":24053,"date":"2026-03-25T22:32:21","date_gmt":"2026-03-26T01:32:21","guid":{"rendered":"https:\/\/jornalcorporativo.com.br\/noticias\/pombal-historico-da-fiocruz-reabre-as-portas-com-exposicao-inovadora-apos-reforma\/"},"modified":"2026-03-25T22:32:21","modified_gmt":"2026-03-26T01:32:21","slug":"pombal-historico-da-fiocruz-reabre-as-portas-com-exposicao-inovadora-apos-reforma","status":"publish","type":"post","link":"https:\/\/jornalcorporativo.com.br\/en\/noticias\/pombal-historico-da-fiocruz-reabre-as-portas-com-exposicao-inovadora-apos-reforma\/","title":{"rendered":"Pombal hist\u00f3rico da Fiocruz reabre as portas com exposi\u00e7\u00e3o inovadora ap\u00f3s reforma"},"content":{"rendered":"<p>O conjunto hist\u00f3rico do Pombal, localizado no campus da Fiocruz em Manguinhos, passou por um processo completo de restaura\u00e7\u00e3o e est\u00e1 sendo reaberto ao p\u00fablico. Uma nova exposi\u00e7\u00e3o de longa dura\u00e7\u00e3o, intitulada &#8220;Pombal: do mangue ao mundo&#8221;, est\u00e1 em destaque, explorando as rela\u00e7\u00f5es entre ci\u00eancia, territ\u00f3rio e meio ambiente. A inaugura\u00e7\u00e3o aconteceu na sexta-feira (27), com abertura oficial para visita\u00e7\u00e3o marcada para o s\u00e1bado (28), integrando as atividades do Museu da Vida.<\/p>\n<p>O Pombal foi constru\u00eddo em 1904 com o prop\u00f3sito de abrigar animais pequenos utilizados em pesquisas cient\u00edficas. Al\u00e9m disso, o local foi importante para as comunica\u00e7\u00f5es do Instituto Oswaldo Cruz, que utilizava pombos-correio para enviar mensagens ao centro do Rio. Com o passar do tempo, o espa\u00e7o foi sendo utilizado para diferentes atividades, incluindo eventos culturais que o tornaram um ponto de encontro no campus hist\u00f3rico. A restaura\u00e7\u00e3o, realizada pelo Departamento de Patrim\u00f4nio Hist\u00f3rico da Fiocruz, recuperou os oito m\u00f3dulos originais, a torre central, estabilizou as funda\u00e7\u00f5es, restaurou acabamentos e elementos decorativos, al\u00e9m de implementar solu\u00e7\u00f5es de acessibilidade.<\/p>\n<p>A exposi\u00e7\u00e3o est\u00e1 dividida em m\u00f3dulos chamados &#8220;viveiros&#8221;, cada um focando em um tema espec\u00edfico. O Viveiro Testemunho preserva estruturas originais do edif\u00edcio; o Pombal de Mem\u00f3rias re\u00fane relatos de antigos trabalhadores e pesquisadores; e outros m\u00f3dulos discutem a transforma\u00e7\u00e3o do bairro de Manguinhos, os impactos da polui\u00e7\u00e3o na sa\u00fade, as desigualdades ambientais e a evolu\u00e7\u00e3o \u00e9tica da pesquisa cient\u00edfica. Recursos de acessibilidade, como audiodescri\u00e7\u00e3o, v\u00eddeos em Libras e mobili\u00e1rio adaptado, garantem a inclus\u00e3o de pessoas com mobilidade reduzida. Os textos est\u00e3o dispon\u00edveis em portugu\u00eas e ingl\u00eas.<\/p>\n<p>No evento de inaugura\u00e7\u00e3o, foi exibido o epis\u00f3dio &#8220;Por tr\u00e1s dos tapumes&#8221;, da s\u00e9rie Fiocruz preservando o patrim\u00f4nio das ci\u00eancias e da sa\u00fade, bem como o trailer do document\u00e1rio &#8220;O Pombal Gira&#8221;, que relembra o movimento cultural dos anos 1990 que transformou o antigo biot\u00e9rio em um espa\u00e7o de arte e conviv\u00eancia, idealizado por Olga D&#8217;arc.<\/p>\n<p>De acordo com Diego Vaz Bevilaqua, vice-diretor de Patrim\u00f4nio Cultural e Divulga\u00e7\u00e3o Cient\u00edfica da Casa de Oswaldo Cruz, o Pombal se tornou um ponto de encontro entre patrim\u00f4nio, ci\u00eancia e sociedade.<\/p>\n<p>&#8220;A nova exposi\u00e7\u00e3o aborda temas cada vez mais importantes diante dos impactos das mudan\u00e7as clim\u00e1ticas na sa\u00fade e nas condi\u00e7\u00f5es de vida das popula\u00e7\u00f5es&#8221;, afirmou.<\/p>\n<p>O projeto de restaura\u00e7\u00e3o tamb\u00e9m incluiu cursos de qualifica\u00e7\u00e3o profissional e palestras abertas ao p\u00fablico, por meio do Programa de Educa\u00e7\u00e3o Patrimonial, al\u00e9m de visitas guiadas \u00e0 obra com arquitetos do Departamento de Patrim\u00f4nio Hist\u00f3rico. O apoio financeiro veio do BNDES e o patroc\u00ednio foi realizado pelo Instituto Vale, Basf, Enauta e Bayer, atrav\u00e9s da Lei Federal de Incentivo \u00e0 Cultura.<\/p>\n<p>Servi\u00e7o:<\/p>\n<p>Inaugura\u00e7\u00e3o do Pombal e Exposi\u00e7\u00e3o &#8220;Pombal: do mangue ao mundo&#8221;<\/p>\n<p>Inaugura\u00e7\u00e3o: 27 de mar\u00e7o de 2026, \u00e0s 9h &#8211; Tenda da Ci\u00eancia Virginia SchallAbertura para o p\u00fablico: 28 de mar\u00e7o de 2026Local: Museu da Vida Fiocruz, campus da Fiocruz em Manguinhos, Rio de JaneiroEndere\u00e7o: Av. Brasil, 4365 &#8211; Manguinhos &#8211; Rio de JaneiroEntrada: gratuitaFuncionamento: ter\u00e7a a sexta, das 9h \u00e0s 16h30; s\u00e1bado, das 10h \u00e0s 16h<\/p>","protected":false},"excerpt":{"rendered":"<p>Mostra \u201cPombal: do mangue ao mundo\u201d explora ci\u00eancia, meio ambiente e hist\u00f3ria do campus de Manguinhos<\/p>","protected":false},"author":4,"featured_media":0,"comment_status":"open","ping_status":"open","sticky":false,"template":"","format":"standard","meta":{"_crdt_document":"","footnotes":""},"categories":[269],"tags":[270,277],"class_list":["post-24053","post","type-post","status-publish","format-standard","hentry","category-noticias","tag-agenda","tag-rio-de-janeiro"],"brizy_media":[],"_links":{"self":[{"href":"https:\/\/jornalcorporativo.com.br\/en\/wp-json\/wp\/v2\/posts\/24053","targetHints":{"allow":["GET"]}}],"collection":[{"href":"https:\/\/jornalcorporativo.com.br\/en\/wp-json\/wp\/v2\/posts"}],"about":[{"href":"https:\/\/jornalcorporativo.com.br\/en\/wp-json\/wp\/v2\/types\/post"}],"author":[{"embeddable":true,"href":"https:\/\/jornalcorporativo.com.br\/en\/wp-json\/wp\/v2\/users\/4"}],"replies":[{"embeddable":true,"href":"https:\/\/jornalcorporativo.com.br\/en\/wp-json\/wp\/v2\/comments?post=24053"}],"version-history":[{"count":0,"href":"https:\/\/jornalcorporativo.com.br\/en\/wp-json\/wp\/v2\/posts\/24053\/revisions"}],"wp:attachment":[{"href":"https:\/\/jornalcorporativo.com.br\/en\/wp-json\/wp\/v2\/media?parent=24053"}],"wp:term":[{"taxonomy":"category","embeddable":true,"href":"https:\/\/jornalcorporativo.com.br\/en\/wp-json\/wp\/v2\/categories?post=24053"},{"taxonomy":"post_tag","embeddable":true,"href":"https:\/\/jornalcorporativo.com.br\/en\/wp-json\/wp\/v2\/tags?post=24053"}],"curies":[{"name":"wp","href":"https:\/\/api.w.org\/{rel}","templated":true}]}}