{"id":24057,"date":"2026-03-25T22:34:39","date_gmt":"2026-03-26T01:34:39","guid":{"rendered":"https:\/\/jornalcorporativo.com.br\/noticias\/escola-sesc-no-rio-oferece-50-vagas-gratuitas-para-curso-tecnico-de-teatro\/"},"modified":"2026-03-25T22:34:39","modified_gmt":"2026-03-26T01:34:39","slug":"escola-sesc-no-rio-oferece-50-vagas-gratuitas-para-curso-tecnico-de-teatro","status":"publish","type":"post","link":"https:\/\/jornalcorporativo.com.br\/en\/noticias\/escola-sesc-no-rio-oferece-50-vagas-gratuitas-para-curso-tecnico-de-teatro\/","title":{"rendered":"Escola Sesc no Rio oferece 50 vagas gratuitas para curso t\u00e9cnico de teatro."},"content":{"rendered":"<p>A Escola Sesc de Artes Dram\u00e1ticas est\u00e1 com inscri\u00e7\u00f5es abertas para o Curso T\u00e9cnico em Teatro, oferecendo 50 vagas gratuitas para forma\u00e7\u00e3o profissional reconhecida. As aulas ser\u00e3o realizadas no Polo Educacional Sesc, em Jacarepagu\u00e1, e as inscri\u00e7\u00f5es podem ser feitas online at\u00e9 3 de abril de 2026.<\/p>\n<p>O curso tem dura\u00e7\u00e3o de quatro semestres, com aulas presenciais no per\u00edodo noturno. Ser\u00e3o duas turmas de 25 alunos cada, com in\u00edcio previsto para o segundo semestre de 2026 e primeiro semestre de 2027.<\/p>\n<p>A infraestrutura da escola \u00e9 completa, com equipamentos modernos e um teatro com capacidade para 600 pessoas, onde as montagens de conclus\u00e3o s\u00e3o apresentadas. O curr\u00edculo do curso aborda a produ\u00e7\u00e3o teatral latino-americana, disciplinas de cria\u00e7\u00e3o c\u00eanica e outras \u00e1reas ligadas \u00e0s artes do espet\u00e1culo.<\/p>\n<p>O diferencial do curso \u00e9 a presen\u00e7a de artistas convidados em aulas magnas, como Othon Bastos e Vera Holtz, que compartilham experi\u00eancias e reflex\u00f5es sobre o universo teatral com os alunos.<\/p>\n<p>Para participar, \u00e9 necess\u00e1rio ter mais de 18 anos e ensino m\u00e9dio completo. O processo seletivo inclui a an\u00e1lise de um memorial descritivo da trajet\u00f3ria do candidato e um Teste de Habilidade Espec\u00edfica (THE) com prova pr\u00e1tica de teatro, todas as etapas ser\u00e3o online. O resultado final ser\u00e1 divulgado at\u00e9 24 de junho e as aulas ter\u00e3o in\u00edcio em agosto. O edital completo e mais informa\u00e7\u00f5es podem ser encontrados no site do Polo Educacional Sesc.<\/p>","protected":false},"excerpt":{"rendered":"<p>Forma\u00e7\u00e3o com dura\u00e7\u00e3o de dois anos ter\u00e1 aulas presenciais em Jacarepagu\u00e1 e inscri\u00e7\u00f5es at\u00e9 3 de abril<\/p>","protected":false},"author":4,"featured_media":0,"comment_status":"open","ping_status":"open","sticky":false,"template":"","format":"standard","meta":{"_crdt_document":"","footnotes":""},"categories":[269],"tags":[279,277],"class_list":["post-24057","post","type-post","status-publish","format-standard","hentry","category-noticias","tag-educacao","tag-rio-de-janeiro"],"brizy_media":[],"_links":{"self":[{"href":"https:\/\/jornalcorporativo.com.br\/en\/wp-json\/wp\/v2\/posts\/24057","targetHints":{"allow":["GET"]}}],"collection":[{"href":"https:\/\/jornalcorporativo.com.br\/en\/wp-json\/wp\/v2\/posts"}],"about":[{"href":"https:\/\/jornalcorporativo.com.br\/en\/wp-json\/wp\/v2\/types\/post"}],"author":[{"embeddable":true,"href":"https:\/\/jornalcorporativo.com.br\/en\/wp-json\/wp\/v2\/users\/4"}],"replies":[{"embeddable":true,"href":"https:\/\/jornalcorporativo.com.br\/en\/wp-json\/wp\/v2\/comments?post=24057"}],"version-history":[{"count":0,"href":"https:\/\/jornalcorporativo.com.br\/en\/wp-json\/wp\/v2\/posts\/24057\/revisions"}],"wp:attachment":[{"href":"https:\/\/jornalcorporativo.com.br\/en\/wp-json\/wp\/v2\/media?parent=24057"}],"wp:term":[{"taxonomy":"category","embeddable":true,"href":"https:\/\/jornalcorporativo.com.br\/en\/wp-json\/wp\/v2\/categories?post=24057"},{"taxonomy":"post_tag","embeddable":true,"href":"https:\/\/jornalcorporativo.com.br\/en\/wp-json\/wp\/v2\/tags?post=24057"}],"curies":[{"name":"wp","href":"https:\/\/api.w.org\/{rel}","templated":true}]}}