{"id":24058,"date":"2026-03-25T22:34:43","date_gmt":"2026-03-26T01:34:43","guid":{"rendered":"https:\/\/jornalcorporativo.com.br\/noticias\/helo-pinheiro-brilha-como-musa-da-blueman-no-rio-fashion-week\/"},"modified":"2026-03-25T22:34:43","modified_gmt":"2026-03-26T01:34:43","slug":"helo-pinheiro-brilha-como-musa-da-blueman-no-rio-fashion-week","status":"publish","type":"post","link":"https:\/\/jornalcorporativo.com.br\/en\/noticias\/helo-pinheiro-brilha-como-musa-da-blueman-no-rio-fashion-week\/","title":{"rendered":"Hel\u00f4 Pinheiro brilha como musa da BlueMan no Rio Fashion Week"},"content":{"rendered":"<p>Hel\u00f4 Pinheiro estar\u00e1 de volta \u00e0s passarelas como destaque na abertura do desfile da BlueMan no Rio Fashion Week, que acontecer\u00e1 no dia 16 de abril no Pier Mau\u00e1. Esta participa\u00e7\u00e3o re\u00fane dois \u00edcones associados ao Rio de Janeiro: a figura famosa de Ipanema e a marca que contribuiu para transformar o estilo das praias cariocas em moda.<\/p>\n<p>Essa escolha faz parte de uma iniciativa da marca em resgatar suas ra\u00edzes e refor\u00e7ar sua identidade ligada ao bairro de Ipanema. Com quase 54 anos de hist\u00f3ria, a BlueMan busca criar uma narrativa que mistura passado e presente, destacando a influ\u00eancia cultural da cidade na moda praia brasileira.<\/p>\n<p>No desfile, Hel\u00f4 usar\u00e1 um look em jeans, em homenagem ao biqu\u00edni de lacinho criado nos anos 1970 por David Azulay. Essa proposta relembra um momento marcante da marca, quando o estilista introduziu o jeans na moda praia, estabelecendo uma est\u00e9tica que se tornaria caracter\u00edstica da BlueMan.<\/p>\n<p>Sob a dire\u00e7\u00e3o criativa de Sharon Azulay, filha do fundador, a apresenta\u00e7\u00e3o busca uma interpreta\u00e7\u00e3o contempor\u00e2nea desse legado. O desfile tamb\u00e9m ter\u00e1 um elemento de continuidade entre gera\u00e7\u00f5es com a participa\u00e7\u00e3o de Bruna Pinheiro, neta de Hel\u00f4, tamb\u00e9m conhecida como Buby. A presen\u00e7a das duas representa a constru\u00e7\u00e3o de um legado que atravessa diferentes \u00e9pocas e segue como refer\u00eancia na moda carioca.<\/p>","protected":false},"excerpt":{"rendered":"<p>Desfile celebra legado da moda carioca e revisita origens da marca com refer\u00eancia aos anos 1970<\/p>","protected":false},"author":4,"featured_media":0,"comment_status":"open","ping_status":"open","sticky":false,"template":"","format":"standard","meta":{"_crdt_document":"","footnotes":""},"categories":[269],"tags":[277],"class_list":["post-24058","post","type-post","status-publish","format-standard","hentry","category-noticias","tag-rio-de-janeiro"],"brizy_media":[],"_links":{"self":[{"href":"https:\/\/jornalcorporativo.com.br\/en\/wp-json\/wp\/v2\/posts\/24058","targetHints":{"allow":["GET"]}}],"collection":[{"href":"https:\/\/jornalcorporativo.com.br\/en\/wp-json\/wp\/v2\/posts"}],"about":[{"href":"https:\/\/jornalcorporativo.com.br\/en\/wp-json\/wp\/v2\/types\/post"}],"author":[{"embeddable":true,"href":"https:\/\/jornalcorporativo.com.br\/en\/wp-json\/wp\/v2\/users\/4"}],"replies":[{"embeddable":true,"href":"https:\/\/jornalcorporativo.com.br\/en\/wp-json\/wp\/v2\/comments?post=24058"}],"version-history":[{"count":0,"href":"https:\/\/jornalcorporativo.com.br\/en\/wp-json\/wp\/v2\/posts\/24058\/revisions"}],"wp:attachment":[{"href":"https:\/\/jornalcorporativo.com.br\/en\/wp-json\/wp\/v2\/media?parent=24058"}],"wp:term":[{"taxonomy":"category","embeddable":true,"href":"https:\/\/jornalcorporativo.com.br\/en\/wp-json\/wp\/v2\/categories?post=24058"},{"taxonomy":"post_tag","embeddable":true,"href":"https:\/\/jornalcorporativo.com.br\/en\/wp-json\/wp\/v2\/tags?post=24058"}],"curies":[{"name":"wp","href":"https:\/\/api.w.org\/{rel}","templated":true}]}}