{"id":24059,"date":"2026-03-25T22:34:55","date_gmt":"2026-03-26T01:34:55","guid":{"rendered":"https:\/\/jornalcorporativo.com.br\/noticias\/representacao-no-ministerio-publico-deputada-denuncia-agressao-de-policial-a-estudantes-em-escola-da-zona-sul\/"},"modified":"2026-03-25T22:34:55","modified_gmt":"2026-03-26T01:34:55","slug":"representacao-no-ministerio-publico-deputada-denuncia-agressao-de-policial-a-estudantes-em-escola-da-zona-sul","status":"publish","type":"post","link":"https:\/\/jornalcorporativo.com.br\/en\/noticias\/representacao-no-ministerio-publico-deputada-denuncia-agressao-de-policial-a-estudantes-em-escola-da-zona-sul\/","title":{"rendered":"Representa\u00e7\u00e3o no Minist\u00e9rio P\u00fablico: Deputada denuncia agress\u00e3o de policial a estudantes em escola da Zona Sul"},"content":{"rendered":"<p>No dia de hoje, a deputada Tal\u00edria Petrone (PSOL-RJ) tomou medidas legais contra o subtenente que agrediu estudantes na Escola Estadual Senor Abravanel, localizada no Largo do Machado, Zona Sul do Rio de Janeiro. A den\u00fancia foi feita junto ao Minist\u00e9rio P\u00fablico e \u00e0 Corregedoria da Pol\u00edcia Militar.<\/p>\n<p>O incidente teve in\u00edcio devido a relatos de ass\u00e9dio sexual feitos por alunas contra um professor, que mesmo diante das acusa\u00e7\u00f5es, permanecia no cargo na escola. A situa\u00e7\u00e3o acabou em confronto com policiais do programa Seguran\u00e7a Presente e resultou na pris\u00e3o de um PM.<\/p>\n<p>No documento apresentado, foi ressaltado que &#8220;apesar de terem permiss\u00e3o para entrar na escola, a dire\u00e7\u00e3o acionou a Pol\u00edcia Militar. As evid\u00eancias anexadas \u00e0 den\u00fancia mostram que a guarni\u00e7\u00e3o que atendeu a ocorr\u00eancia utilizou for\u00e7a de maneira desproporcional e ilegal, agredindo os jovens dentro da escola e disparando spray de pimenta nas proximidades do col\u00e9gio contra os estudantes secundaristas&#8221;.<\/p>\n<p>Os l\u00edderes estudantis agredidos pertencem \u00e0 Associa\u00e7\u00e3o Municipal dos Estudantes Secundaristas (AMES-RJ) e ao Diret\u00f3rio Central dos Estudantes da UFRJ (DCE-UFRJ).<\/p>","protected":false},"excerpt":{"rendered":"<p>O subtenente agrediu dois estudantes na Escola Estadual Senor Abravanel, no Largo do Machado, durante uma manifesta\u00e7\u00e3o que pedia o afastamento de um professor acusado de ass\u00e9dio por alunas <\/p>","protected":false},"author":4,"featured_media":0,"comment_status":"open","ping_status":"open","sticky":false,"template":"","format":"standard","meta":{"_crdt_document":"","footnotes":""},"categories":[269],"tags":[278,292],"class_list":["post-24059","post","type-post","status-publish","format-standard","hentry","category-noticias","tag-politica","tag-seguranca"],"brizy_media":[],"_links":{"self":[{"href":"https:\/\/jornalcorporativo.com.br\/en\/wp-json\/wp\/v2\/posts\/24059","targetHints":{"allow":["GET"]}}],"collection":[{"href":"https:\/\/jornalcorporativo.com.br\/en\/wp-json\/wp\/v2\/posts"}],"about":[{"href":"https:\/\/jornalcorporativo.com.br\/en\/wp-json\/wp\/v2\/types\/post"}],"author":[{"embeddable":true,"href":"https:\/\/jornalcorporativo.com.br\/en\/wp-json\/wp\/v2\/users\/4"}],"replies":[{"embeddable":true,"href":"https:\/\/jornalcorporativo.com.br\/en\/wp-json\/wp\/v2\/comments?post=24059"}],"version-history":[{"count":0,"href":"https:\/\/jornalcorporativo.com.br\/en\/wp-json\/wp\/v2\/posts\/24059\/revisions"}],"wp:attachment":[{"href":"https:\/\/jornalcorporativo.com.br\/en\/wp-json\/wp\/v2\/media?parent=24059"}],"wp:term":[{"taxonomy":"category","embeddable":true,"href":"https:\/\/jornalcorporativo.com.br\/en\/wp-json\/wp\/v2\/categories?post=24059"},{"taxonomy":"post_tag","embeddable":true,"href":"https:\/\/jornalcorporativo.com.br\/en\/wp-json\/wp\/v2\/tags?post=24059"}],"curies":[{"name":"wp","href":"https:\/\/api.w.org\/{rel}","templated":true}]}}