{"id":24114,"date":"2026-03-31T15:14:17","date_gmt":"2026-03-31T18:14:17","guid":{"rendered":"https:\/\/jornalcorporativo.com.br\/?p=24114"},"modified":"2026-03-31T15:17:58","modified_gmt":"2026-03-31T18:17:58","slug":"tunel-trem-haxixe-policia-espanha-marrocos-5","status":"publish","type":"post","link":"https:\/\/jornalcorporativo.com.br\/en\/redacao\/tunel-trem-haxixe-policia-espanha-marrocos-5\/","title":{"rendered":"T\u00fanel Sofisticado com Trilhos e Vag\u00f5es: Pol\u00edcia Espanhola Desmantelada Maior Rede de Tr\u00e1fico de Haxixe de Marrocos"},"content":{"rendered":"<h2>Descoberta de Infraestrutura Subterr\u00e2nea Revolucion\u00e1ria em Ceuta<\/h2>\n<p>A pol\u00edcia de Ceuta, enclave espanhol localizado no norte da \u00c1frica, desmantelou uma das maiores opera\u00e7\u00f5es de tr\u00e1fico de drogas dos \u00faltimos anos ao descobrir um <strong>t\u00fanel subterr\u00e2neo altamente sofisticado<\/strong> utilizado para transportar haxixe do Marrocos para o territ\u00f3rio espanhol. A estrutura, ocultada sob um galp\u00e3o industrial e protegida por um avan\u00e7ado sistema frigor\u00edfico insonorizado, representava um corredor log\u00edstico cont\u00ednuo entre os dois lados da fronteira.<\/p>\n<h2>Caracter\u00edsticas T\u00e9cnicas do T\u00fanel Criminal<\/h2>\n<p>A configura\u00e7\u00e3o do t\u00fanel foi descrita pelas autoridades como <strong>labir\u00edntica e engenhosamente planejada<\/strong>, compreendendo tr\u00eas n\u00edveis distintos. O primeiro n\u00edvel consistia em um po\u00e7o de acesso vertical, seguido por uma c\u00e2mara intermedi\u00e1ria espec\u00edfica para armazenamento de entorpecentes e, finalmente, um trecho terminal que conectava diretamente ao territ\u00f3rio marroquino, facilitando a transfer\u00eancia cont\u00ednua de cargas.<\/p>\n<p>Dentro da galeria, investigadores encontraram <strong>trilhos met\u00e1licos, vag\u00f5es especializados, roldanas e sistemas de eleva\u00e7\u00e3o mec\u00e2nica<\/strong> de alta capacidade, projetados para transportar grandes volumes de droga com efici\u00eancia operacional. Este mecanismo inovador permitia movimenta\u00e7\u00e3o de carregamentos sem contato visual entre os integrantes da rede em cada extremidade, reduzindo significativamente os riscos de identifica\u00e7\u00e3o e rastreamento.<\/p>\n<h3>Sistemas de Suporte Avan\u00e7ados<\/h3>\n<p>Para manter a estrutura em funcionamento otimizado, a rede criminosa instalou <strong>bombas de drenagem sofisticadas<\/strong> para gerenciar a presen\u00e7a de \u00e1gua subterr\u00e2nea e implementou um <strong>sistema avan\u00e7ado de isolamento ac\u00fastico<\/strong>, especificamente projetado para eliminar qualquer ru\u00eddo que pudesse levantar suspeitas nas opera\u00e7\u00f5es da superf\u00edcie.<\/p>\n<h2>Investiga\u00e7\u00e3o e Lideran\u00e7a da Organiza\u00e7\u00e3o<\/h2>\n<p>A investiga\u00e7\u00e3o teve in\u00edcio em fevereiro de 2025 e resultou na identifica\u00e7\u00e3o dos principais respons\u00e1veis pela opera\u00e7\u00e3o criminosa. Segundo as autoridades espanholas, um dos l\u00edderes operava a partir do Marrocos, sendo apontado como respons\u00e1vel t\u00e9cnico pela constru\u00e7\u00e3o da passagem subterr\u00e2nea. Este indiv\u00edduo era descrito como o <strong>arquiteto e mestre dos t\u00faneis<\/strong> da organiza\u00e7\u00e3o. O outro coordenador centralizava as atividades em Ceuta, onde negociava carregamentos e centralizava decis\u00f5es log\u00edsticas da rede.<\/p>\n<h2>Extens\u00e3o das Opera\u00e7\u00f5es de Tr\u00e1fico<\/h2>\n<p>Durante as investiga\u00e7\u00f5es, os agentes mapearam a capacidade impressionante da organiza\u00e7\u00e3o de operar atrav\u00e9s de diferentes rotas de distribui\u00e7\u00e3o. As apreens\u00f5es realizadas inclu\u00edram 510 quilos de haxixe ap\u00f3s inc\u00eandio em resid\u00eancia no bairro do Pr\u00edncipe, 432 quilos em Cabrerizas Altas e uma carga significativa de 15 toneladas interceptada em junho do ano anterior em Almer\u00eda, no sul da Espanha, transportada em reboque procedente de Nador, cidade marroquina estrat\u00e9gica.<\/p>\n<p>Al\u00e9m do sofisticado t\u00fanel subterr\u00e2neo, a rede utilizava <strong>embarca\u00e7\u00f5es r\u00e1pidas<\/strong> para transportar droga ao longo da costa da Andaluzia e pelo rio Guadalquivir, explorando ainda rotas at\u00e9 a Gal\u00edcia com utiliza\u00e7\u00e3o de barcos de pesca, ampliando consideravelmente o alcance da distribui\u00e7\u00e3o no territ\u00f3rio europeu.<\/p>\n<h2>Opera\u00e7\u00e3o de Grande Envergadura e Resultados<\/h2>\n<p>Com o avan\u00e7o das apura\u00e7\u00f5es, foi deflagrada uma <strong>opera\u00e7\u00e3o de grande porte com mais de 250 agentes<\/strong> mobilizados em diferentes regi\u00f5es da Espanha, incluindo Andaluzia, Gal\u00edcia e Ceuta. O resultado desta ofensiva monumental foi a pris\u00e3o de 27 pessoas envolvidas na rede criminosa.<\/p>\n<p>Ao final da opera\u00e7\u00e3o, os agentes apreenderam mais de <strong>17 toneladas de haxixe<\/strong>, aproximadamente 1,43 milh\u00e3o de euros em dinheiro, 66 equipamentos de comunica\u00e7\u00e3o sofisticados e 15 ve\u00edculos de luxo, consolidando o impacto significativo da a\u00e7\u00e3o contra esta rede criminal que utilizava m\u00e9todos tecnologicamente avan\u00e7ados para contrabando internacional de drogas.<\/p>","protected":false},"excerpt":{"rendered":"<p>Pol\u00edcia espanhola desmantelou rede de tr\u00e1fico com t\u00fanel sofisticado equipado com trilhos e vag\u00f5es ligados ao Marrocos. 17 toneladas de haxixe apreendidas.<\/p>","protected":false},"author":4,"featured_media":24103,"comment_status":"open","ping_status":"open","sticky":false,"template":"","format":"standard","meta":{"googlesitekit_rrm_CAow6MXMDA:productID":"","footnotes":""},"categories":[2,1],"tags":[],"class_list":["post-24114","post","type-post","status-publish","format-standard","has-post-thumbnail","hentry","category-internacional","category-redacao"],"brizy_media":[],"_links":{"self":[{"href":"https:\/\/jornalcorporativo.com.br\/en\/wp-json\/wp\/v2\/posts\/24114","targetHints":{"allow":["GET"]}}],"collection":[{"href":"https:\/\/jornalcorporativo.com.br\/en\/wp-json\/wp\/v2\/posts"}],"about":[{"href":"https:\/\/jornalcorporativo.com.br\/en\/wp-json\/wp\/v2\/types\/post"}],"author":[{"embeddable":true,"href":"https:\/\/jornalcorporativo.com.br\/en\/wp-json\/wp\/v2\/users\/4"}],"replies":[{"embeddable":true,"href":"https:\/\/jornalcorporativo.com.br\/en\/wp-json\/wp\/v2\/comments?post=24114"}],"version-history":[{"count":1,"href":"https:\/\/jornalcorporativo.com.br\/en\/wp-json\/wp\/v2\/posts\/24114\/revisions"}],"predecessor-version":[{"id":24123,"href":"https:\/\/jornalcorporativo.com.br\/en\/wp-json\/wp\/v2\/posts\/24114\/revisions\/24123"}],"wp:featuredmedia":[{"embeddable":true,"href":"https:\/\/jornalcorporativo.com.br\/en\/wp-json\/wp\/v2\/media\/24103"}],"wp:attachment":[{"href":"https:\/\/jornalcorporativo.com.br\/en\/wp-json\/wp\/v2\/media?parent=24114"}],"wp:term":[{"taxonomy":"category","embeddable":true,"href":"https:\/\/jornalcorporativo.com.br\/en\/wp-json\/wp\/v2\/categories?post=24114"},{"taxonomy":"post_tag","embeddable":true,"href":"https:\/\/jornalcorporativo.com.br\/en\/wp-json\/wp\/v2\/tags?post=24114"}],"curies":[{"name":"wp","href":"https:\/\/api.w.org\/{rel}","templated":true}]}}