{"id":24481,"date":"2026-04-09T04:01:23","date_gmt":"2026-04-09T07:01:23","guid":{"rendered":"https:\/\/jornalcorporativo.com.br\/redacao\/petrobras-taxa-mensal-parcelamento-querosene-aviacao\/"},"modified":"2026-04-09T04:01:23","modified_gmt":"2026-04-09T07:01:23","slug":"petrobras-taxa-mensal-parcelamento-querosene-aviacao","status":"publish","type":"post","link":"https:\/\/jornalcorporativo.com.br\/en\/economia\/petrobras-taxa-mensal-parcelamento-querosene-aviacao\/","title":{"rendered":"Petrobras Cobra 1,23% ao M\u00eas em Parcelamento de Reajuste do Querosene de Avia\u00e7\u00e3o"},"content":{"rendered":"<h2>Medida de Parcelamento do QAV Surpreende Setor A\u00e9reo Brasileiro<\/h2>\n<p>A Petrobras anunciou que aplicar\u00e1 uma taxa mensal de aproximadamente 1,23% sobre os pagamentos parcelados referentes ao reajuste de 55% no pre\u00e7o do querosene de avia\u00e7\u00e3o (QAV) implementado em abril. Este aumento foi impulsionado pela escalada do conflito geopol\u00edtico no Oriente M\u00e9dio, envolvendo Estados Unidos, Israel e Ir\u00e3, que provocou uma eleva\u00e7\u00e3o significativa nos pre\u00e7os do petr\u00f3leo no mercado internacional.<\/p>\n<p>A medida de parcelamento foi apresentada como uma forma de mitigar os impactos do reajuste no setor de avia\u00e7\u00e3o nacional. As distribuidoras poder\u00e3o quitar 18% do aumento no primeiro m\u00eas, com o restante sendo parcelado em seis vezes a partir de julho. A corre\u00e7\u00e3o dos valores ser\u00e1 feita mediante taxa de 108% do CDI, equivalente a 15,82% ao ano ou 1,23% mensalmente.<\/p>\n<h2>Rea\u00e7\u00e3o das Empresas A\u00e9reas \u00e0 Taxa de Juros<\/h2>\n<p>Entre as companhias a\u00e9reas brasileiras, a taxa de juros cobrada foi considerada a principal surpresa da iniciativa anunciada pela Petrobras. Profissionais do setor a\u00e9reo manifestaram preocupa\u00e7\u00e3o com este custo adicional ao parcelamento, mesmo reconhecendo a import\u00e2ncia da medida para preservar a demanda pelo combust\u00edvel.<\/p>\n<h2>Justificativa da Petrobras pela Estrutura de Parcelamento<\/h2>\n<p>A estatal afirmou que o parcelamento busca preservar a demanda pelo querosene de avia\u00e7\u00e3o e reduzir os efeitos do reajuste no mercado aeron\u00e1utico brasileiro, garantindo o funcionamento adequado do setor. A companhia informou que o mesmo mecanismo poder\u00e1 ser aplicado tamb\u00e9m a reajustes previstos para maio e junho, embora os par\u00e2metros ainda precisem ser calculados.<\/p>\n<p>Em comunicado oficial, a Petrobras esclareceu que as taxas aplicadas n\u00e3o possuem objetivo lucrativo, buscando neutralidade financeira para a empresa e redu\u00e7\u00e3o dos impactos no mercado. De acordo com a estatal, o patamar de remunera\u00e7\u00e3o em 108% do CDI pode variar conforme o perfil de risco de cada cliente.<\/p>\n<h2>Impacto do Combust\u00edvel nos Custos Operacionais<\/h2>\n<p>O querosene de avia\u00e7\u00e3o representa 40% do custo operacional das companhias a\u00e9reas brasileiras, conforme dados da Abear (Associa\u00e7\u00e3o Brasileira das Empresas A\u00e9reas). A Azul, uma das principais companhias nacionais, revelou em seus resultados de 2025 que o QAV equivale a 30% de suas despesas operacionais. Para compensar um aumento de apenas 10% no pre\u00e7o do combust\u00edvel, seria necess\u00e1rio elevar em 2,5% a receita total da empresa.<\/p>\n<h2>Eleva\u00e7\u00e3o de Passagens A\u00e9reas no Mercado<\/h2>\n<p>Levantamento realizado pelo J.P. Morgan demonstra que desde o in\u00edcio do conflito no Oriente M\u00e9dio, em mar\u00e7o, o pre\u00e7o m\u00e9dio das passagens a\u00e9reas de Latam, Gol e Azul aumentou 31% em rela\u00e7\u00e3o ao m\u00eas anterior e 22% em compara\u00e7\u00e3o com o mesmo per\u00edodo do ano anterior. Esta escalada reflete diretamente o impacto do reajuste do combust\u00edvel nos pre\u00e7os finais ao consumidor.<\/p>\n<h2>Medidas Governamentais para Conter a Alta<\/h2>\n<p>O governo brasileiro implementa diversos mecanismos para conter o aumento dos custos no setor a\u00e9reo durante este ano de elei\u00e7\u00f5es presidenciais. Entre as iniciativas est\u00e3o: redu\u00e7\u00e3o de 100% do PIS\/Cofins incidente sobre o QAV, com estimativa de redu\u00e7\u00e3o de R$ 0,07 no pre\u00e7o final do combust\u00edvel; posterga\u00e7\u00e3o do pagamento de tarifas de navega\u00e7\u00e3o aeroportu\u00e1ria; e disponibiliza\u00e7\u00e3o de linhas de cr\u00e9dito com aproximadamente R$ 9 bilh\u00f5es em recursos para companhias a\u00e9reas em dificuldades financeiras e necessidade de capital de giro.<\/p>\n<p>Essas medidas conjuntas buscam garantir a sustentabilidade do setor a\u00e9reo brasileiro frente aos desafios impostos pela volatilidade dos pre\u00e7os internacionais do petr\u00f3leo e aos conflitos geopol\u00edticos que afetam diretamente a economia nacional.<\/p>","protected":false},"excerpt":{"rendered":"<p>Petrobras cobra 1,23% ao m\u00eas em parcelamento do reajuste de 55% do querosene de avia\u00e7\u00e3o. Medida afeta companhias a\u00e9reas brasileiras.<\/p>","protected":false},"author":4,"featured_media":24477,"comment_status":"open","ping_status":"open","sticky":false,"template":"","format":"standard","meta":{"_crdt_document":"","footnotes":""},"categories":[4],"tags":[],"class_list":["post-24481","post","type-post","status-publish","format-standard","has-post-thumbnail","hentry","category-economia"],"brizy_media":[],"_links":{"self":[{"href":"https:\/\/jornalcorporativo.com.br\/en\/wp-json\/wp\/v2\/posts\/24481","targetHints":{"allow":["GET"]}}],"collection":[{"href":"https:\/\/jornalcorporativo.com.br\/en\/wp-json\/wp\/v2\/posts"}],"about":[{"href":"https:\/\/jornalcorporativo.com.br\/en\/wp-json\/wp\/v2\/types\/post"}],"author":[{"embeddable":true,"href":"https:\/\/jornalcorporativo.com.br\/en\/wp-json\/wp\/v2\/users\/4"}],"replies":[{"embeddable":true,"href":"https:\/\/jornalcorporativo.com.br\/en\/wp-json\/wp\/v2\/comments?post=24481"}],"version-history":[{"count":0,"href":"https:\/\/jornalcorporativo.com.br\/en\/wp-json\/wp\/v2\/posts\/24481\/revisions"}],"wp:featuredmedia":[{"embeddable":true,"href":"https:\/\/jornalcorporativo.com.br\/en\/wp-json\/wp\/v2\/media\/24477"}],"wp:attachment":[{"href":"https:\/\/jornalcorporativo.com.br\/en\/wp-json\/wp\/v2\/media?parent=24481"}],"wp:term":[{"taxonomy":"category","embeddable":true,"href":"https:\/\/jornalcorporativo.com.br\/en\/wp-json\/wp\/v2\/categories?post=24481"},{"taxonomy":"post_tag","embeddable":true,"href":"https:\/\/jornalcorporativo.com.br\/en\/wp-json\/wp\/v2\/tags?post=24481"}],"curies":[{"name":"wp","href":"https:\/\/api.w.org\/{rel}","templated":true}]}}