{"id":24509,"date":"2026-04-09T16:01:46","date_gmt":"2026-04-09T19:01:46","guid":{"rendered":"https:\/\/jornalcorporativo.com.br\/redacao\/ia-precisao-diagnostico-doencas-neurologicas\/"},"modified":"2026-04-09T16:01:46","modified_gmt":"2026-04-09T19:01:46","slug":"ia-precisao-diagnostico-doencas-neurologicas","status":"publish","type":"post","link":"https:\/\/jornalcorporativo.com.br\/en\/saude-natural\/ia-precisao-diagnostico-doencas-neurologicas\/","title":{"rendered":"IA revoluciona diagn\u00f3stico de doen\u00e7as neurol\u00f3gicas com precis\u00e3o de 82% no Alzheimer"},"content":{"rendered":"<h2>Intelig\u00eancia Artificial transforma o diagn\u00f3stico neurol\u00f3gico<\/h2>\n<p>A intelig\u00eancia artificial est\u00e1 revolucionando a forma como m\u00e9dicos diagnosticam e tratam doen\u00e7as neurol\u00f3gicas complexas. Ao processar grandes volumes de dados m\u00e9dicos e identificar padr\u00f5es sofisticados em exames de imagem e registros cl\u00ednicos, a <strong>IA amplia significativamente a capacidade de diagn\u00f3stico precoce<\/strong> e an\u00e1lise cl\u00ednica em neurologia. Pesquisas recentes demonstram que essas tecnologias contribuem para diagn\u00f3sticos mais precisos e interven\u00e7\u00f5es terap\u00eauticas em est\u00e1gios iniciais de doen\u00e7as neurodegenerativas, mudando o panorama do cuidado neurol\u00f3gico.<\/p>\n<p>Um estudo divulgado pela CNN revelou resultados impressionantes: modelos de IA foram capazes de prever a progress\u00e3o do Alzheimer com <strong>precis\u00e3o superior aos m\u00e9todos tradicionais, identificando casos que evolu\u00edram para a doen\u00e7a em cerca de 82% das situa\u00e7\u00f5es analisadas<\/strong>. Segundo os pesquisadores, essa capacidade extraordin\u00e1ria pode favorecer diagn\u00f3sticos muito mais precoces, orientar decis\u00f5es terap\u00eauticas antes do avan\u00e7o significativo da degenera\u00e7\u00e3o cerebral e reduzir a necessidade de procedimentos invasivos que causam desconforto aos pacientes.<\/p>\n<h2>Aplica\u00e7\u00e3o pr\u00e1tica na cl\u00ednica neurol\u00f3gica<\/h2>\n<p>Na pr\u00e1tica cl\u00ednica, a IA funciona como <strong>ferramenta de apoio essencial ao diagn\u00f3stico neurol\u00f3gico<\/strong>, auxiliando na interpreta\u00e7\u00e3o de exames e no reconhecimento de padr\u00f5es em imagens m\u00e9dicas, como resson\u00e2ncias magn\u00e9ticas, radiografias e tomografias. De acordo com a Academia Brasileira de Neurologia (ABN), essas tecnologias atuam como sistemas de suporte anal\u00edtico, ampliando a capacidade do m\u00e9dico e contribuindo para decis\u00f5es mais informadas, sem nunca substituir o julgamento profissional do especialista.<\/p>\n<p>Hugo Raposo, ex-arquiteto-chefe do Minist\u00e9rio da Sa\u00fade da Prov\u00edncia de Ont\u00e1rio, no Canad\u00e1, destaca que o avan\u00e7o dessas ferramentas reflete uma mudan\u00e7a mais ampla na forma como dados cl\u00ednicos e exames de imagem v\u00eam sendo utilizados nos sistemas de sa\u00fade contempor\u00e2neos. As iniciativas de moderniza\u00e7\u00e3o digital, com integra\u00e7\u00e3o de plataformas de an\u00e1lise avan\u00e7ada e IA em fluxos cl\u00ednicos complexos, come\u00e7aram a ser implantadas recentemente em redes p\u00fablicas de sa\u00fade, transformando fundamentalmente a forma como dados m\u00e9dicos s\u00e3o analisados e utilizados no apoio ao diagn\u00f3stico.<\/p>\n<h2>Detec\u00e7\u00e3o precoce de Alzheimer e Parkinson<\/h2>\n<p>Doen\u00e7as neurodegenerativas como Alzheimer e Parkinson representam um desafio cl\u00ednico significativo porque podem come\u00e7ar <strong>anos antes da manifesta\u00e7\u00e3o cl\u00ednica evidente<\/strong>. Estudos observados durante a atua\u00e7\u00e3o de especialistas no setor de sa\u00fade indicam que altera\u00e7\u00f5es estruturais e metab\u00f3licas do c\u00e9rebro frequentemente precedem d\u00e9ficits cognitivos no Alzheimer, enquanto mudan\u00e7as nos sistemas dopamin\u00e9rgicos podem surgir antes dos sintomas motores do Parkinson. Esse intervalo entre altera\u00e7\u00f5es biol\u00f3gicas e sintomas cl\u00e1ssicos torna a identifica\u00e7\u00e3o precoce desafiadora para os profissionais.<\/p>\n<p>Um diagn\u00f3stico baseado apenas em sintomas cl\u00ednicos tende a ocorrer em fases avan\u00e7adas, quando j\u00e1 houve <strong>perda neuronal significativa<\/strong>. Isso limita drasticamente as possibilidades terap\u00eauticas e reduz o potencial de interven\u00e7\u00f5es modificadoras da doen\u00e7a. A an\u00e1lise avan\u00e7ada de imagens, apoiada por intelig\u00eancia artificial, amplia a detec\u00e7\u00e3o precoce ao identificar altera\u00e7\u00f5es estruturais, funcionais ou metab\u00f3licas ainda em est\u00e1gios subcl\u00ednicos, antes que o paciente apresente qualquer sintoma.<\/p>\n<h3>Desafios na pr\u00e1tica neurol\u00f3gica atual<\/h3>\n<p>Neurologistas enfrentam desafios consider\u00e1veis al\u00e9m da sutileza das altera\u00e7\u00f5es iniciais. A <strong>variabilidade do c\u00e9rebro humano<\/strong>, o volume crescente de exames complexos e a necessidade de integrar diferentes fontes de informa\u00e7\u00e3o \u2014 incluindo imagens m\u00e9dicas, testes neuropsicol\u00f3gicos, hist\u00f3rico familiar e biomarcadores \u2014 demandam solu\u00e7\u00f5es inovadoras. H\u00e1 tamb\u00e9m um desafio sist\u00eamico importante: nem todos os centros disp\u00f5em de infraestrutura padronizada para an\u00e1lise quantitativa de exames como resson\u00e2ncia magn\u00e9tica ou tomografia por emiss\u00e3o de p\u00f3sitrons. Nesse contexto, plataformas de an\u00e1lise avan\u00e7ada desempenham papel estrat\u00e9gico na padroniza\u00e7\u00e3o e interpreta\u00e7\u00e3o desses exames.<\/p>\n<h2>Tecnologia de IA em exames de neuroimagem<\/h2>\n<p>Na resson\u00e2ncia magn\u00e9tica, a IA pode ser utilizada para <strong>segmenta\u00e7\u00e3o automatizada de estruturas cerebrais<\/strong>, medi\u00e7\u00e3o volum\u00e9trica de regi\u00f5es como hipocampo, c\u00f3rtex e subst\u00e2ncia branca, al\u00e9m da identifica\u00e7\u00e3o de padr\u00f5es de atrofia associados a perfis de dem\u00eancia. J\u00e1 no PET, a tecnologia auxilia na an\u00e1lise de padr\u00f5es metab\u00f3licos e na detec\u00e7\u00e3o de prote\u00ednas como beta-amiloide e tau, prote\u00ednas fundamentalmente associadas ao desenvolvimento do Alzheimer.<\/p>\n<h2>Integra\u00e7\u00e3o de sistemas avan\u00e7ados na sa\u00fade<\/h2>\n<p>A integra\u00e7\u00e3o de <strong>sistemas de an\u00e1lise avan\u00e7ada vem impactando decisivamente a tomada de decis\u00e3o cl\u00ednica<\/strong> e o acompanhamento dos pacientes ao permitir uma abordagem mais proativa e personalizada ao longo do fluxo assistencial. Essas plataformas ampliam a confian\u00e7a diagn\u00f3stica em est\u00e1gios iniciais, possibilitam uma estratifica\u00e7\u00e3o de risco mais precisa, favorecem o monitoramento longitudinal da progress\u00e3o cl\u00ednica e oferecem suporte estruturado \u00e0 decis\u00e3o terap\u00eautica.<\/p>\n<p>Ao fornecer relat\u00f3rios estruturados e m\u00e9tricas quantitativas, essas plataformas facilitam discuss\u00f5es multidisciplinares e contribuem para decis\u00f5es compartilhadas com pacientes e fam\u00edlias. Em termos sist\u00eamicos, fortalecem a padroniza\u00e7\u00e3o e a governan\u00e7a cl\u00ednica, especialmente em redes de sa\u00fade com m\u00faltiplas unidades distribu\u00eddas geograficamente.<\/p>\n<p>Na pr\u00e1tica, essa integra\u00e7\u00e3o ocorre por meio do processamento automatizado de exames. Imagens de resson\u00e2ncia magn\u00e9tica ou tomografia por emiss\u00e3o de p\u00f3sitrons s\u00e3o enviadas a sistemas que executam algoritmos de segmenta\u00e7\u00e3o, quantifica\u00e7\u00e3o e compara\u00e7\u00e3o com bases normativas, permitindo an\u00e1lises mais consistentes ao longo do tempo e entre diferentes pacientes.<\/p>\n<h2>O futuro da IA em neurologia<\/h2>\n<p>A aplica\u00e7\u00e3o da IA tende a evoluir para <strong>modelos multimodais capazes de integrar exames de imagem, registros cl\u00ednicos, biomarcadores e dispositivos vest\u00edveis<\/strong>, al\u00e9m de incorporar algoritmos preditivos mais robustos para estimar a progress\u00e3o de doen\u00e7as neurodegenerativas. A tend\u00eancia \u00e9 clara: migrar de um modelo baseado na manifesta\u00e7\u00e3o de sintomas para uma abordagem verdadeiramente preventiva, capaz de identificar riscos e altera\u00e7\u00f5es antes do aparecimento cl\u00ednico da doen\u00e7a, transformando completamente o paradigma do cuidado neurol\u00f3gico.<\/p>","protected":false},"excerpt":{"rendered":"<p>IA revoluciona diagn\u00f3stico de Alzheimer e Parkinson com 82% de precis\u00e3o. Conhe\u00e7a como a intelig\u00eancia artificial transforma a neurologia.<\/p>","protected":false},"author":4,"featured_media":24505,"comment_status":"open","ping_status":"open","sticky":false,"template":"","format":"standard","meta":{"_crdt_document":"","footnotes":""},"categories":[8],"tags":[],"class_list":["post-24509","post","type-post","status-publish","format-standard","has-post-thumbnail","hentry","category-saude-natural"],"brizy_media":[],"_links":{"self":[{"href":"https:\/\/jornalcorporativo.com.br\/en\/wp-json\/wp\/v2\/posts\/24509","targetHints":{"allow":["GET"]}}],"collection":[{"href":"https:\/\/jornalcorporativo.com.br\/en\/wp-json\/wp\/v2\/posts"}],"about":[{"href":"https:\/\/jornalcorporativo.com.br\/en\/wp-json\/wp\/v2\/types\/post"}],"author":[{"embeddable":true,"href":"https:\/\/jornalcorporativo.com.br\/en\/wp-json\/wp\/v2\/users\/4"}],"replies":[{"embeddable":true,"href":"https:\/\/jornalcorporativo.com.br\/en\/wp-json\/wp\/v2\/comments?post=24509"}],"version-history":[{"count":0,"href":"https:\/\/jornalcorporativo.com.br\/en\/wp-json\/wp\/v2\/posts\/24509\/revisions"}],"wp:featuredmedia":[{"embeddable":true,"href":"https:\/\/jornalcorporativo.com.br\/en\/wp-json\/wp\/v2\/media\/24505"}],"wp:attachment":[{"href":"https:\/\/jornalcorporativo.com.br\/en\/wp-json\/wp\/v2\/media?parent=24509"}],"wp:term":[{"taxonomy":"category","embeddable":true,"href":"https:\/\/jornalcorporativo.com.br\/en\/wp-json\/wp\/v2\/categories?post=24509"},{"taxonomy":"post_tag","embeddable":true,"href":"https:\/\/jornalcorporativo.com.br\/en\/wp-json\/wp\/v2\/tags?post=24509"}],"curies":[{"name":"wp","href":"https:\/\/api.w.org\/{rel}","templated":true}]}}