{"id":24510,"date":"2026-04-09T16:01:46","date_gmt":"2026-04-09T19:01:46","guid":{"rendered":"https:\/\/jornalcorporativo.com.br\/redacao\/lipedema-doenca-afeta-mulheres-yasmin-brunet-tratamento\/"},"modified":"2026-04-09T16:01:46","modified_gmt":"2026-04-09T19:01:46","slug":"lipedema-doenca-afeta-mulheres-yasmin-brunet-tratamento","status":"publish","type":"post","link":"https:\/\/jornalcorporativo.com.br\/en\/saude-natural\/lipedema-doenca-afeta-mulheres-yasmin-brunet-tratamento\/","title":{"rendered":"Lipedema: entenda a doen\u00e7a que afeta 1 em cada 5 mulheres e veja hist\u00f3rico de Yasmin Brunet"},"content":{"rendered":"<h2>O que \u00e9 lipedema e como Yasmin Brunet conseguiu perder 25 kg<\/h2>\n<p>A modelo e empres\u00e1ria Yasmin Brunet compartilhou nas redes sociais sua jornada de transforma\u00e7\u00e3o corporal ap\u00f3s iniciar o tratamento para lipedema. Diagnosticada em 2024 e come\u00e7ando o acompanhamento em abril, ela relatou uma perda significativa de 25 kg desde ent\u00e3o. Nas imagens mais recentes, \u00e9 poss\u00edvel observar uma redu\u00e7\u00e3o consider\u00e1vel do incha\u00e7o nas pernas, demonstrando os resultados positivos do tratamento adequado.<\/p>\n<p>Apesar de mencionar uma pequena piora desde sua \u00faltima consulta, Yasmin mant\u00e9m o compromisso com as recomenda\u00e7\u00f5es m\u00e9dicas, evitando desespero e focando no controle cont\u00ednuo da condi\u00e7\u00e3o atrav\u00e9s de ajustes alimentares e acompanhamento profissional.<\/p>\n<h2>Lipedema: uma doen\u00e7a tardiamente reconhecida mundialmente<\/h2>\n<p>Embora afete aproximadamente <strong>1 em cada 5 mulheres<\/strong>, o lipedema foi oficialmente reconhecido como doen\u00e7a apenas em 2019 pela Organiza\u00e7\u00e3o Mundial da Sa\u00fade (OMS). A inclus\u00e3o na 11\u00aa edi\u00e7\u00e3o da Classifica\u00e7\u00e3o Internacional de Doen\u00e7as (CID) ocorreu dois anos depois, caracterizando a condi\u00e7\u00e3o como um incha\u00e7o gorduroso geralmente confinado \u00e0s pernas, coxas, quadris e parte superior dos bra\u00e7os.<\/p>\n<p>A descri\u00e7\u00e3o original da doen\u00e7a remonta a 1940, quando dois pesquisadores da Mayo Clinic, nos Estados Unidos, realizaram as primeiras documenta\u00e7\u00f5es cient\u00edficas. Por essa raz\u00e3o, tamb\u00e9m \u00e9 conhecida como s\u00edndrome Allen-Hines. Apesar dessa hist\u00f3ria longa, o lipedema permaneceu pouco difundido entre profissionais de sa\u00fade, sendo frequentemente confundido com obesidade e linfedema.<\/p>\n<h2>Caracter\u00edsticas cl\u00ednicas e sintomas do lipedema<\/h2>\n<p>De acordo com <strong>Armando Lobato<\/strong>, angiologista e cirurgi\u00e3o vascular, o lipedema \u00e9 uma condi\u00e7\u00e3o vascular, cr\u00f4nica e progressiva caracterizada pelo ac\u00famulo anormal de gordura subcut\u00e2nea. Diferentemente de outras formas de ac\u00famulo de gordura, este n\u00e3o \u00e9 influenciado diretamente por dieta ou exerc\u00edcio f\u00edsico.<\/p>\n<p>Os sintomas mais caracter\u00edsticos incluem dor, sensibilidade aumentada e tend\u00eancia \u00e0 forma\u00e7\u00e3o de hematomas. O aspecto visual desproporcional \u00e9 geralmente o primeiro indicador, onde as pernas e membros inferiores apresentam volume significativamente maior em rela\u00e7\u00e3o ao restante do corpo. Outras queixas comuns envolvem sensa\u00e7\u00e3o de peso, queima\u00e7\u00e3o e desconforto nas pernas.<\/p>\n<p>Os sintomas podem ser agravados por mudan\u00e7as hormonais, incluindo puberdade, uso de anticoncepcionais hormonais, gesta\u00e7\u00e3o e menopausa. Uma caracter\u00edstica diagn\u00f3stica importante \u00e9 que mesmo com perda de peso atrav\u00e9s de dieta e exerc\u00edcios, as mulheres conseguem emagrecer no tronco, mas raramente nos membros afetados.<\/p>\n<h2>Preval\u00eancia do lipedema no Brasil e no mundo<\/h2>\n<p>Estudos internacionais apontam que entre 11% e 19% das mulheres apresentam lipedema, representando potencialmente 1 em cada 5 mulheres na popula\u00e7\u00e3o geral. No Brasil, pesquisa publicada no Jornal Vascular Brasileiro em 2022 estimou que 12,3% das brasileiras t\u00eam a condi\u00e7\u00e3o, o que representaria aproximadamente <strong>12,9 milh\u00f5es de mulheres<\/strong> com base nos dados do Censo Demogr\u00e1fico do IBGE.<\/p>\n<p>O diagn\u00f3stico preciso \u00e9 desafiador, pois muitos casos n\u00e3o s\u00e3o identificados corretamente. Personalidades como Yasmin Brunet e a rep\u00f3rter Juliane Massaoka t\u00eam contribu\u00eddo para aumentar a conscientiza\u00e7\u00e3o sobre a doen\u00e7a ao compartilharem suas experi\u00eancias publicamente.<\/p>\n<h2>Causas e fatores de risco do lipedema<\/h2>\n<p>Embora as causas exatas ainda n\u00e3o sejam completamente compreendidas, o lipedema \u00e9 considerado uma condi\u00e7\u00e3o multifatorial envolvendo <strong>fatores gen\u00e9ticos e hormonais<\/strong>. Muitos pacientes relatam hist\u00f3rico familiar semelhante, sugerindo uma predisposi\u00e7\u00e3o heredit\u00e1ria significativa.<\/p>\n<p>O fato de afetar quase exclusivamente mulheres e estar associado a per\u00edodos de mudan\u00e7as hormonais indica o papel importante do estrog\u00eanio no desenvolvimento da condi\u00e7\u00e3o. Fatores ambientais como alimenta\u00e7\u00e3o inadequada, sedentarismo, obesidade e outros h\u00e1bitos nocivos \u00e0 sa\u00fade podem acelerar a progress\u00e3o da doen\u00e7a.<\/p>\n<h2>Est\u00e1gios e classifica\u00e7\u00e3o do lipedema<\/h2>\n<p>O lipedema \u00e9 classificado em quatro est\u00e1gios de acordo com a severidade. No <strong>est\u00e1gio 1<\/strong>, a pele apresenta aspecto normal, com aumento da gordura subcut\u00e2nea e pequenos n\u00f3dulos gordurosos palp\u00e1veis. No <strong>est\u00e1gio 2<\/strong>, a pele se torna irregular e fl\u00e1cida, com apar\u00eancia semelhante a celulite e n\u00f3dulos maiores.<\/p>\n<p>O <strong>est\u00e1gio 3<\/strong> caracteriza-se por flacidez significativa, dobras de pele e poss\u00edvel dificuldade de mobilidade. O <strong>est\u00e1gio 4<\/strong> inclui todas as altera\u00e7\u00f5es anteriores mais comprometimento do sistema linf\u00e1tico, formando o que \u00e9 chamado de lipo-linfedema.<\/p>\n<h2>Op\u00e7\u00f5es de tratamento e controle do lipedema<\/h2>\n<p>Segundo especialistas, n\u00e3o existe cura definitiva para o lipedema, mas sim possibilidades efetivas de controle e al\u00edvio dos sintomas. O tratamento deve ser <strong>individualizado<\/strong> e orientado por profissional qualificado, podendo variar conforme o est\u00e1gio da doen\u00e7a.<\/p>\n<p>As abordagens n\u00e3o cir\u00fargicas incluem atividades f\u00edsicas de baixo impacto como hidrogin\u00e1stica, caminhada e pilates, que auxiliam na circula\u00e7\u00e3o. Alimenta\u00e7\u00e3o balanceada rica em frutas, vegetais, prote\u00ednas magras e gorduras saud\u00e1veis \u00e9 fundamental para reduzir inflama\u00e7\u00e3o e reten\u00e7\u00e3o de l\u00edquidos. Terapias compressivas com meias e bandagens ajudam a controlar o edema.<\/p>\n<p>Al\u00e9m disso, recomenda-se boa ingest\u00e3o de \u00e1gua, drenagem linf\u00e1tica, evitar longos per\u00edodos de imobilidade e pr\u00e1ticas de controle de estresse como medita\u00e7\u00e3o e yoga. Medicamentos para al\u00edvio de dor e inflama\u00e7\u00e3o podem ser prescritos quando necess\u00e1rio.<\/p>\n<p>Quando o tratamento conservador n\u00e3o produz resultados satisfat\u00f3rios, existe a op\u00e7\u00e3o de lipoaspira\u00e7\u00e3o espec\u00edfica para lipedema. Esta t\u00e9cnica consegue remover significativamente os dep\u00f3sitos de gordura anormal e aliviar sintomas, por\u00e9m, como a doen\u00e7a \u00e9 cr\u00f4nica, o ac\u00famulo pode reocorrer. Todo procedimento cir\u00fargico envolve riscos que devem ser cuidadosamente avaliados com o m\u00e9dico respons\u00e1vel.<\/p>","protected":false},"excerpt":{"rendered":"<p>Lipedema afeta 1 em cada 5 mulheres. Conhe\u00e7a os sintomas, tratamentos e a hist\u00f3ria de Yasmin Brunet que perdeu 25kg.<\/p>","protected":false},"author":4,"featured_media":24508,"comment_status":"open","ping_status":"open","sticky":false,"template":"","format":"standard","meta":{"_crdt_document":"","footnotes":""},"categories":[8],"tags":[],"class_list":["post-24510","post","type-post","status-publish","format-standard","has-post-thumbnail","hentry","category-saude-natural"],"brizy_media":[],"_links":{"self":[{"href":"https:\/\/jornalcorporativo.com.br\/en\/wp-json\/wp\/v2\/posts\/24510","targetHints":{"allow":["GET"]}}],"collection":[{"href":"https:\/\/jornalcorporativo.com.br\/en\/wp-json\/wp\/v2\/posts"}],"about":[{"href":"https:\/\/jornalcorporativo.com.br\/en\/wp-json\/wp\/v2\/types\/post"}],"author":[{"embeddable":true,"href":"https:\/\/jornalcorporativo.com.br\/en\/wp-json\/wp\/v2\/users\/4"}],"replies":[{"embeddable":true,"href":"https:\/\/jornalcorporativo.com.br\/en\/wp-json\/wp\/v2\/comments?post=24510"}],"version-history":[{"count":0,"href":"https:\/\/jornalcorporativo.com.br\/en\/wp-json\/wp\/v2\/posts\/24510\/revisions"}],"wp:featuredmedia":[{"embeddable":true,"href":"https:\/\/jornalcorporativo.com.br\/en\/wp-json\/wp\/v2\/media\/24508"}],"wp:attachment":[{"href":"https:\/\/jornalcorporativo.com.br\/en\/wp-json\/wp\/v2\/media?parent=24510"}],"wp:term":[{"taxonomy":"category","embeddable":true,"href":"https:\/\/jornalcorporativo.com.br\/en\/wp-json\/wp\/v2\/categories?post=24510"},{"taxonomy":"post_tag","embeddable":true,"href":"https:\/\/jornalcorporativo.com.br\/en\/wp-json\/wp\/v2\/tags?post=24510"}],"curies":[{"name":"wp","href":"https:\/\/api.w.org\/{rel}","templated":true}]}}