{"id":24516,"date":"2026-04-09T20:01:29","date_gmt":"2026-04-09T23:01:29","guid":{"rendered":"https:\/\/jornalcorporativo.com.br\/redacao\/pane-sistema-controle-aereo-sao-paulo-7500-passageiros\/"},"modified":"2026-04-09T20:01:29","modified_gmt":"2026-04-09T23:01:29","slug":"pane-sistema-controle-aereo-sao-paulo-7500-passageiros","status":"publish","type":"post","link":"https:\/\/jornalcorporativo.com.br\/en\/brasil\/pane-sistema-controle-aereo-sao-paulo-7500-passageiros\/","title":{"rendered":"Pane no Sistema de Controle A\u00e9reo de S\u00e3o Paulo Afeta 7,5 Mil Passageiros e Causa 53 Cancelamentos"},"content":{"rendered":"<h2>Paralisia no Tr\u00e1fego A\u00e9reo Causa Caos em Aeroportos Paulistas<\/h2>\n<p>Uma falha cr\u00edtica no sistema de controle do tr\u00e1fego a\u00e9reo provocou uma paralisa\u00e7\u00e3o significativa nas opera\u00e7\u00f5es de avia\u00e7\u00e3o em S\u00e3o Paulo na manh\u00e3 de quinta-feira. De acordo com dados divulgados pela Ag\u00eancia Nacional de Avia\u00e7\u00e3o Civil (Anac), o incidente afetou diretamente 7,5 mil passageiros e impactou 53 voos, tanto de partida quanto de chegada, nos principais aeroportos da regi\u00e3o: Congonhas, Guarulhos e Campo de Marte.<\/p>\n<p>O epis\u00f3dio ocorreu entre 9h30 e 10h05, criando um efeito domin\u00f3 no sistema a\u00e9reo nacional. <strong>Congonhas foi o aeroporto mais afetado pelo incidente<\/strong>, considerando sua fun\u00e7\u00e3o como hub central de distribui\u00e7\u00e3o de rotas a\u00e9reas para todo o pa\u00eds. Essa condi\u00e7\u00e3o estrat\u00e9gica da infraestrutura resultou em atrasos em cascata em diversos outros aeroportos brasileiros.<\/p>\n<h2>Investiga\u00e7\u00e3o e Resposta das Autoridades<\/h2>\n<p>A investiga\u00e7\u00e3o sobre as causas da falha t\u00e9cnica ficou a cargo do Departamento de Controle do Espa\u00e7o A\u00e9reo (Decea), \u00f3rg\u00e3o vinculado \u00e0 For\u00e7a A\u00e9rea Brasileira (FAB). Desde o momento da detec\u00e7\u00e3o do problema, as opera\u00e7\u00f5es come\u00e7aram a ser retomadas gradualmente, com restaura\u00e7\u00e3o progressiva dos servi\u00e7os de controle de tr\u00e1fego a\u00e9reo.<\/p>\n<p>Em comunicado oficial, a Anac confirmou que est\u00e1 monitorando atentamente a situa\u00e7\u00e3o e acompanhando a assist\u00eancia prestada aos passageiros pelas companhias a\u00e9reas. A ag\u00eancia acionou um <strong>conjunto de a\u00e7\u00f5es previstas no protocolo de pr\u00e9-crise<\/strong>, visando compreender os impactos da paralisa\u00e7\u00e3o e a evolu\u00e7\u00e3o do cen\u00e1rio de recupera\u00e7\u00e3o das opera\u00e7\u00f5es.<\/p>\n<h2>Impacto nos Passageiros e Direitos<\/h2>\n<p>A paralisa\u00e7\u00e3o deixou milhares de viajantes em situa\u00e7\u00e3o incerta, com voos adiados ou cancelados. Relatos de passageiros indicam viv\u00eancias angustiantes durante o per\u00edodo de paralisia, com casos de aeronaves circulando sem combust\u00edvel suficiente para esperas prolongadas.<\/p>\n<p>De acordo com a legisla\u00e7\u00e3o brasileira, passageiros t\u00eam direitos garantidos em caso de atrasos e cancelamentos de voos. Esses direitos incluem assist\u00eancia das companhias a\u00e9reas e poss\u00edveis compensa\u00e7\u00f5es financeiras, dependendo das circunst\u00e2ncias espec\u00edficas de cada situa\u00e7\u00e3o.<\/p>\n<h2>Resposta Governamental e Pr\u00f3ximos Passos<\/h2>\n<p>Tiago Chagas Faierstein, presidente da Anac, declarou que no momento do incidente ainda n\u00e3o era poss\u00edvel mensurar completamente o impacto da falha no sistema de controle de tr\u00e1fego a\u00e9reo no sistema a\u00e9reo nacional como um todo. A an\u00e1lise detalhada dos efeitos permanecia em andamento.<\/p>\n<p>A ag\u00eancia recomendou aos passageiros afetados que entrem em contato direto com as concession\u00e1rias dos aeroportos atingidos para obter informa\u00e7\u00f5es atualizadas sobre seus voos e direitos de assist\u00eancia. A Anac continua monitorando a situa\u00e7\u00e3o para garantir a seguran\u00e7a operacional e a satisfa\u00e7\u00e3o dos usu\u00e1rios do transporte a\u00e9reo.<\/p>","protected":false},"excerpt":{"rendered":"<p>Pane no sistema de tr\u00e1fego a\u00e9reo em SP afeta 7,5 mil passageiros e cancela 53 voos em Congonhas, Guarulhos e Campo de Marte.<\/p>","protected":false},"author":4,"featured_media":24514,"comment_status":"open","ping_status":"open","sticky":false,"template":"","format":"standard","meta":{"_crdt_document":"","footnotes":""},"categories":[36],"tags":[],"class_list":["post-24516","post","type-post","status-publish","format-standard","has-post-thumbnail","hentry","category-brasil"],"brizy_media":[],"_links":{"self":[{"href":"https:\/\/jornalcorporativo.com.br\/en\/wp-json\/wp\/v2\/posts\/24516","targetHints":{"allow":["GET"]}}],"collection":[{"href":"https:\/\/jornalcorporativo.com.br\/en\/wp-json\/wp\/v2\/posts"}],"about":[{"href":"https:\/\/jornalcorporativo.com.br\/en\/wp-json\/wp\/v2\/types\/post"}],"author":[{"embeddable":true,"href":"https:\/\/jornalcorporativo.com.br\/en\/wp-json\/wp\/v2\/users\/4"}],"replies":[{"embeddable":true,"href":"https:\/\/jornalcorporativo.com.br\/en\/wp-json\/wp\/v2\/comments?post=24516"}],"version-history":[{"count":0,"href":"https:\/\/jornalcorporativo.com.br\/en\/wp-json\/wp\/v2\/posts\/24516\/revisions"}],"wp:featuredmedia":[{"embeddable":true,"href":"https:\/\/jornalcorporativo.com.br\/en\/wp-json\/wp\/v2\/media\/24514"}],"wp:attachment":[{"href":"https:\/\/jornalcorporativo.com.br\/en\/wp-json\/wp\/v2\/media?parent=24516"}],"wp:term":[{"taxonomy":"category","embeddable":true,"href":"https:\/\/jornalcorporativo.com.br\/en\/wp-json\/wp\/v2\/categories?post=24516"},{"taxonomy":"post_tag","embeddable":true,"href":"https:\/\/jornalcorporativo.com.br\/en\/wp-json\/wp\/v2\/tags?post=24516"}],"curies":[{"name":"wp","href":"https:\/\/api.w.org\/{rel}","templated":true}]}}