{"id":24653,"date":"2026-04-13T00:01:20","date_gmt":"2026-04-13T03:01:20","guid":{"rendered":"https:\/\/jornalcorporativo.com.br\/redacao\/trem-corcovado-primeira-maquinista-gracielle-santos\/"},"modified":"2026-04-13T00:01:20","modified_gmt":"2026-04-13T03:01:20","slug":"trem-corcovado-primeira-maquinista-gracielle-santos","status":"publish","type":"post","link":"https:\/\/jornalcorporativo.com.br\/en\/brasil\/trem-corcovado-primeira-maquinista-gracielle-santos\/","title":{"rendered":"Trem do Corcovado tem primeira maquinista em 142 anos: conhe\u00e7a Gracielle Santos"},"content":{"rendered":"<h2>Uma conquista hist\u00f3rica para o Trem do Corcovado<\/h2>\n<p>O famoso Trem do Corcovado, um dos trenzinhos tur\u00edsticos mais conhecidos do mundo, alcan\u00e7a um marco hist\u00f3rico ao ter sua primeira maquinista em 142 anos de opera\u00e7\u00e3o. A comandante Gracielle Santos assume essa posi\u00e7\u00e3o pioneira, quebrando uma tradi\u00e7\u00e3o secular e abrindo novos caminhos para a diversidade no transporte ferrovi\u00e1rio brasileiro.<\/p>\n<p>Este \u00e9 um momento significativo n\u00e3o apenas para a hist\u00f3ria do ic\u00f4nico trem que leva turistas e cariocas ao topo da montanha do Corcovado, mas tamb\u00e9m para a hist\u00f3ria das mulheres no mercado de trabalho brasileiro, especialmente em fun\u00e7\u00f5es tradicionalmente ocupadas por homens.<\/p>\n<h2>Uma trajet\u00f3ria de 142 anos de sucesso<\/h2>\n<p>O Trem do Corcovado \u00e9 muito mais que um simples meio de transporte. Desde sua inaugura\u00e7\u00e3o h\u00e1 mais de um s\u00e9culo, o trenzinho tem sido um s\u00edmbolo iconic do Rio de Janeiro, oferecendo uma experi\u00eancia \u00fanica aos visitantes que desejam chegar ao topo da monta\u00f1a onde se encontra a est\u00e1tua do Cristo Redentor.<\/p>\n<p>Durante seus 142 anos de opera\u00e7\u00e3o, o trem transportou mais de 50 milh\u00f5es de passageiros de diferentes partes do mundo. Esse n\u00famero impressionante evidencia a import\u00e2ncia cultural e tur\u00edstica do empreendimento para a cidade do Rio de Janeiro e para o Brasil como um todo.<\/p>\n<h2>Gracielle Santos: pioneira e s\u00edmbolo de transforma\u00e7\u00e3o<\/h2>\n<p>A comandante Gracielle Santos representa muito mais que uma simples mudan\u00e7a na composi\u00e7\u00e3o de g\u00eanero do quadro de profissionais do Trem do Corcovado. Ela \u00e9 s\u00edmbolo de um Brasil em transforma\u00e7\u00e3o, onde oportunidades antes restritas a um \u00fanico g\u00eanero agora se abrem para todos os profissionais qualificados, independentemente de seu sexo.<\/p>\n<p>Sua nomea\u00e7\u00e3o reflete tamb\u00e9m um compromisso crescente das empresas brasileiras com a inclus\u00e3o e diversidade no ambiente corporativo. O reconhecimento do m\u00e9rito e da capacita\u00e7\u00e3o profissional acima de qualquer preconceito ou tradi\u00e7\u00e3o \u00e9 fundamental para o progresso da sociedade.<\/p>\n<h2>O impacto da diversidade no turismo brasileiro<\/h2>\n<p>A chegada de Gracielle Santos como primeira maquinista do Trem do Corcovado envia uma mensagem poderosa aos turistas internacionais e nacionais sobre o compromisso do Brasil com valores modernos e inclusivos. Essa diversidade no quadro funcional contribui para a imagem positiva do pa\u00eds como destino tur\u00edstico progressista.<\/p>\n<p>Al\u00e9m disso, essa transforma\u00e7\u00e3o pode inspirar outras mulheres a buscarem carreiras em setores onde historicamente foram sub-representadas, como o transporte ferrovi\u00e1rio, engenharia e opera\u00e7\u00f5es de infraestrutura, criando um efeito multiplicador positivo na sociedade brasileira.<\/p>","protected":false},"excerpt":{"rendered":"<p>Trem do Corcovado tem primeira maquinista em 142 anos. Comandante Gracielle Santos faz hist\u00f3ria no ic\u00f4nico trenzinho tur\u00edstico do Rio.<\/p>","protected":false},"author":4,"featured_media":24647,"comment_status":"open","ping_status":"open","sticky":false,"template":"","format":"standard","meta":{"googlesitekit_rrm_CAow6MXMDA:productID":"","footnotes":""},"categories":[36],"tags":[],"class_list":["post-24653","post","type-post","status-publish","format-standard","has-post-thumbnail","hentry","category-brasil"],"brizy_media":[],"_links":{"self":[{"href":"https:\/\/jornalcorporativo.com.br\/en\/wp-json\/wp\/v2\/posts\/24653","targetHints":{"allow":["GET"]}}],"collection":[{"href":"https:\/\/jornalcorporativo.com.br\/en\/wp-json\/wp\/v2\/posts"}],"about":[{"href":"https:\/\/jornalcorporativo.com.br\/en\/wp-json\/wp\/v2\/types\/post"}],"author":[{"embeddable":true,"href":"https:\/\/jornalcorporativo.com.br\/en\/wp-json\/wp\/v2\/users\/4"}],"replies":[{"embeddable":true,"href":"https:\/\/jornalcorporativo.com.br\/en\/wp-json\/wp\/v2\/comments?post=24653"}],"version-history":[{"count":0,"href":"https:\/\/jornalcorporativo.com.br\/en\/wp-json\/wp\/v2\/posts\/24653\/revisions"}],"wp:featuredmedia":[{"embeddable":true,"href":"https:\/\/jornalcorporativo.com.br\/en\/wp-json\/wp\/v2\/media\/24647"}],"wp:attachment":[{"href":"https:\/\/jornalcorporativo.com.br\/en\/wp-json\/wp\/v2\/media?parent=24653"}],"wp:term":[{"taxonomy":"category","embeddable":true,"href":"https:\/\/jornalcorporativo.com.br\/en\/wp-json\/wp\/v2\/categories?post=24653"},{"taxonomy":"post_tag","embeddable":true,"href":"https:\/\/jornalcorporativo.com.br\/en\/wp-json\/wp\/v2\/tags?post=24653"}],"curies":[{"name":"wp","href":"https:\/\/api.w.org\/{rel}","templated":true}]}}