{"id":24659,"date":"2026-04-13T04:01:18","date_gmt":"2026-04-13T07:01:18","guid":{"rendered":"https:\/\/jornalcorporativo.com.br\/redacao\/papa-leao-xiv-apela-protecao-civis-libaneses-paz-oriente-medio\/"},"modified":"2026-04-13T04:01:18","modified_gmt":"2026-04-13T07:01:18","slug":"papa-leao-xiv-apela-protecao-civis-libaneses-paz-oriente-medio","status":"publish","type":"post","link":"https:\/\/jornalcorporativo.com.br\/en\/internacional\/papa-leao-xiv-apela-protecao-civis-libaneses-paz-oriente-medio\/","title":{"rendered":"Papa Le\u00e3o XIV Apela por Prote\u00e7\u00e3o de Civis Libaneses e Busca Solu\u00e7\u00e3o Pac\u00edfica na Guerra do Oriente M\u00e9dio"},"content":{"rendered":"<h2>Papa Reafirma Proximidade com Povo Liban\u00eas em Meio \u00e0 Crise Humanit\u00e1ria<\/h2>\n<p>O Papa Le\u00e3o XIV manifestou, neste domingo, sua solidariedade profunda com o povo liban\u00eas, enfatizando a exist\u00eancia de uma &#8220;obriga\u00e7\u00e3o moral&#8221; de proteger os civis dos horrores da guerra. A declara\u00e7\u00e3o foi proferida durante a ora\u00e7\u00e3o do Regina Coeli na Pra\u00e7a de S\u00e3o Pedro, em momento cr\u00edtico para a regi\u00e3o, ap\u00f3s o L\u00edbano ser arrastado para o conflito que assola o Oriente M\u00e9dio h\u00e1 semanas.<\/p>\n<p>O pont\u00edfice de 70 anos deixou transparecer sua emo\u00e7\u00e3o ao abordar a situa\u00e7\u00e3o dos libaneses, afirmando estar &#8220;mais pr\u00f3ximo do que nunca, nestes dias de tristeza, medo e esperan\u00e7a inabal\u00e1vel em Deus, do amado povo liban\u00eas&#8221;. Sua mensagem ressalta os princ\u00edpios humanit\u00e1rios internacionalmente reconhecidos que deveriam nortear as a\u00e7\u00f5es dos conflitantes.<\/p>\n<h2>Crise Humanit\u00e1ria no L\u00edbano Alcan\u00e7a Propor\u00e7\u00f5es Alarmantes<\/h2>\n<p>Desde o in\u00edcio das opera\u00e7\u00f5es militares israelenses contra o movimento xiita Hezbollah, apoiado pelo Ir\u00e3, o L\u00edbano enfrenta uma devasta\u00e7\u00e3o crescente. As autoridades locais relatam mais de 2.000 mortos em ataques a\u00e9reos, n\u00famero que continua crescendo conforme o conflito se intensifica. A situa\u00e7\u00e3o \u00e9 particularmente preocupante para as crian\u00e7as e adolescentes do pa\u00eds, levando o Fundo das Na\u00e7\u00f5es Unidas para a Inf\u00e2ncia (Unicef) a fazer apelos especiais pela sua prote\u00e7\u00e3o.<\/p>\n<p>A popula\u00e7\u00e3o civil libanesa sofre as consequ\u00eancias diretas da guerra, com infraestruturas destru\u00eddas e deslocamentos em massa. O Papa, ao reconhecer essa realidade, invoca o direito internacional e os princ\u00edpios fundamentais da humanidade como fundamento para a prote\u00e7\u00e3o desses civis.<\/p>\n<h2>Apelo \u00e0 Paz sem Nomear as Partes Conflitantes<\/h2>\n<p>Seguindo sua pr\u00e1tica habitual, o Papa n\u00e3o menciona diretamente Israel, Estados Unidos ou Ir\u00e3 em suas declara\u00e7\u00f5es p\u00fablicas, mas dirige seu apelo \u00e0s &#8220;partes envolvidas&#8221; para que busquem uma solu\u00e7\u00e3o pac\u00edfica. Essa abordagem diplom\u00e1tica reflete a posi\u00e7\u00e3o tradicional do Vaticano, que busca manter a neutralidade enquanto pressiona por resolu\u00e7\u00f5es negociadas.<\/p>\n<p>A declara\u00e7\u00e3o do pont\u00edfice ganha relev\u00e2ncia ainda maior considerando as tens\u00f5es geopol\u00edticas atuais, especialmente a disputa envolvendo o presidente dos EUA, Donald Trump, e o Vaticano, relacionada a coment\u00e1rios pontif\u00edcios considerados cr\u00edticos ao republicano.<\/p>\n<h2>Contexto Geopol\u00edtico Complexo e Fracassadas Negocia\u00e7\u00f5es Diplom\u00e1ticas<\/h2>\n<p>As manifesta\u00e7\u00f5es do Papa ocorrem em contexto de fracasso das negocia\u00e7\u00f5es entre Ir\u00e3 e Estados Unidos, sediadas no Paquist\u00e3o. A impossibilidade de se chegar a um acordo resultou em novas amea\u00e7as, incluindo o an\u00fancio do bloqueio americano ao Estreito de Ormuz, rota crucial pelo qual transitam 20% do petr\u00f3leo e g\u00e1s naturais consumidos globalmente.<\/p>\n<p>O Ir\u00e3, que financia o Hezbollah, havia inclu\u00eddo o fim da guerra entre Israel e o movimento xiita liban\u00eas entre suas condi\u00e7\u00f5es para um acordo, proposta rejeitada por Tel Aviv. Por sua vez, o primeiro-ministro israelense Benjamin Netanyahu anunciou negocia\u00e7\u00f5es diretas com o L\u00edbano focadas no &#8220;desarmamento do Hezbollah&#8221;, mas sem suspender os ataques militares contra o territ\u00f3rio liban\u00eas.<\/p>\n<h2>Cr\u00edticas Pontif\u00edcias Tornam-se Mais Contundentes<\/h2>\n<p>Durante ora\u00e7\u00e3o pela paz no s\u00e1bado anterior, o Papa Le\u00e3o XIV proferiu uma de suas cr\u00edticas mais severas aos conflitos regionais. Com apelos diretos e contundentes, declarou: &#8220;Parem! \u00c9 hora de paz! Sentem-se \u00e0 mesa do di\u00e1logo e da media\u00e7\u00e3o, n\u00e3o \u00e0 mesa onde se planeja o rearme e se decidem a\u00e7\u00f5es mortais! Basta da idolatria do ego e do dinheiro! Basta da demonstra\u00e7\u00e3o de poder! Basta da guerra!&#8221;<\/p>\n<p>Como l\u00edder de 1,4 bilh\u00e3o de cat\u00f3licos no mundo, o pont\u00edfice tem reiteradamente pedido redu\u00e7\u00e3o da escalada b\u00e9lica e solu\u00e7\u00f5es diplom\u00e1ticas para os conflitos no Oriente M\u00e9dio. Suas mensagens evidenciam preocupa\u00e7\u00e3o crescente com a humanit\u00e1ria deteriora\u00e7\u00e3o regional.<\/p>\n<h2>Viagem \u00e0 \u00c1frica Marca Nova Fase de Di\u00e1logo Interf\u00e9<\/h2>\n<p>Na sequ\u00eancia de suas declara\u00e7\u00f5es sobre o conflito no Oriente M\u00e9dio, o Papa segue para a Arg\u00e9lia na segunda-feira, iniciando uma viagem de 11 dias pela \u00c1frica. Este deslocamento marca esfor\u00e7o deliberado de constru\u00e7\u00e3o de pontes com o mundo isl\u00e2mico, refor\u00e7ando a mensagem de di\u00e1logo e entendimento m\u00fatuo em contexto de crescente tens\u00e3o religiosa e geopol\u00edtica global.<\/p>","protected":false},"excerpt":{"rendered":"<p>Papa Le\u00e3o XIV apela pela prote\u00e7\u00e3o de civis libaneses e busca solu\u00e7\u00e3o pac\u00edfica na guerra do Oriente M\u00e9dio com mais de 2 mil mortos.<\/p>","protected":false},"author":4,"featured_media":24655,"comment_status":"open","ping_status":"open","sticky":false,"template":"","format":"standard","meta":{"googlesitekit_rrm_CAow6MXMDA:productID":"","footnotes":""},"categories":[2],"tags":[],"class_list":["post-24659","post","type-post","status-publish","format-standard","has-post-thumbnail","hentry","category-internacional"],"brizy_media":[],"_links":{"self":[{"href":"https:\/\/jornalcorporativo.com.br\/en\/wp-json\/wp\/v2\/posts\/24659","targetHints":{"allow":["GET"]}}],"collection":[{"href":"https:\/\/jornalcorporativo.com.br\/en\/wp-json\/wp\/v2\/posts"}],"about":[{"href":"https:\/\/jornalcorporativo.com.br\/en\/wp-json\/wp\/v2\/types\/post"}],"author":[{"embeddable":true,"href":"https:\/\/jornalcorporativo.com.br\/en\/wp-json\/wp\/v2\/users\/4"}],"replies":[{"embeddable":true,"href":"https:\/\/jornalcorporativo.com.br\/en\/wp-json\/wp\/v2\/comments?post=24659"}],"version-history":[{"count":0,"href":"https:\/\/jornalcorporativo.com.br\/en\/wp-json\/wp\/v2\/posts\/24659\/revisions"}],"wp:featuredmedia":[{"embeddable":true,"href":"https:\/\/jornalcorporativo.com.br\/en\/wp-json\/wp\/v2\/media\/24655"}],"wp:attachment":[{"href":"https:\/\/jornalcorporativo.com.br\/en\/wp-json\/wp\/v2\/media?parent=24659"}],"wp:term":[{"taxonomy":"category","embeddable":true,"href":"https:\/\/jornalcorporativo.com.br\/en\/wp-json\/wp\/v2\/categories?post=24659"},{"taxonomy":"post_tag","embeddable":true,"href":"https:\/\/jornalcorporativo.com.br\/en\/wp-json\/wp\/v2\/tags?post=24659"}],"curies":[{"name":"wp","href":"https:\/\/api.w.org\/{rel}","templated":true}]}}