{"id":24676,"date":"2026-04-13T12:01:10","date_gmt":"2026-04-13T15:01:10","guid":{"rendered":"https:\/\/jornalcorporativo.com.br\/redacao\/silva-rolidei-album-estetica-praiana\/"},"modified":"2026-04-13T12:01:10","modified_gmt":"2026-04-13T15:01:10","slug":"silva-rolidei-album-estetica-praiana","status":"publish","type":"post","link":"https:\/\/jornalcorporativo.com.br\/en\/noticias\/silva-rolidei-album-estetica-praiana\/","title":{"rendered":"Silva Avan\u00e7a na Est\u00e9tica Praiana com &#8216;Rolidei&#8217;: \u00c1lbum que Revisita Refer\u00eancias e Acerta"},"content":{"rendered":"<h2>Um Convite ao Litoral: A Nova Proposta Musical de Silva<\/h2>\n<p>Durante um per\u00edodo recente, e que talvez ainda esteja em curso, havia no ar uma sensa\u00e7\u00e3o de que a cota de boas vibra\u00e7\u00f5es da m\u00fasica pop brasileira estava excedida. Tamanha a quantidade de faixas praianas que invadiram n\u00e3o s\u00f3 o r\u00e1dio, mas sobretudo a televis\u00e3o, dava a impress\u00e3o de que parte da nova gera\u00e7\u00e3o da MPB estava reunida em um eterno festival musical. Contudo, devemos pontuar, por justi\u00e7a, que alguns trabalhos com cheiro de maresia possuem DNA aut\u00eantico, nascidos organicamente pela natureza art\u00edstica sincera de quem os concebeu. &#8220;Rolidei&#8221;, o \u00faltimo \u00e1lbum de Silva lan\u00e7ado recentemente, se encaixa nesta \u00faltima categoria.<\/p>\n<h2>Trajet\u00f3ria e Influ\u00eancias do Artista Capixaba<\/h2>\n<p>O s\u00e9timo disco da carreira do cantor e compositor de 37 anos, nascido em Vit\u00f3ria (ES), est\u00e1 em plena resson\u00e2ncia com o que ele vem apresentando desde sua estreia em &#8220;Clarid\u00e3o&#8221; (2012). Silva, que sempre cantou baixinho, trouxe na bagagem uma vontade constante de soar solar, embora sua discografia tamb\u00e9m tenha flertado com a sombra e a noite. O artista ouviu as can\u00e7\u00f5es praieiras de <strong>Dorival Caymmi<\/strong>, conhece da import\u00e2ncia fundamental de <strong>Jo\u00e3o Gilberto<\/strong>, \u00e9 devoto do balan\u00e7o inigual\u00e1vel de <strong>Jo\u00e3o Donato<\/strong>, e imprime com naturalidade suas influ\u00eancias nos trabalhos que coloca no mundo.<\/p>\n<h2>&#8220;Rolidei&#8221;: Uma Jornada Tropical em 12 Faixas<\/h2>\n<p>Ao longo das 12 faixas de &#8220;Rolidei&#8221;, quase todas feitas em parceria com seu irm\u00e3o <strong>Lucas Silva<\/strong>, o capixaba avan\u00e7a na est\u00e9tica praiana para criar um grande feriad\u00e3o musical. A proposta \u00e9 clara: tire uma folga, v\u00e1 para o litoral, se estique, d\u00ea um mergulho. &#8220;Sudam\u00e9rica&#8221;, a faixa inaugural, adianta o tom de todo o trabalho, uma esp\u00e9cie de <strong>pagode baiano tropicalista<\/strong> que estabelece a atmosfera.<\/p>\n<h3>Destaques e Composi\u00e7\u00f5es Not\u00e1veis<\/h3>\n<p>A segunda faixa, &#8220;Areia&#8221;, envelopa versos bonitos num ijex\u00e1 moderno, com slices de guitarra refinados. Os versos &#8220;Areia que beija meu p\u00e9 \/ O p\u00e9 que se queima no ch\u00e3o \/ N\u00e3o \u00e9 contradi\u00e7\u00e3o \/ O amor \u00e9 um fogo bom&#8221; demonstram a qualidade l\u00edrica do trabalho. Todas as letras est\u00e3o inspiradas na tem\u00e1tica mar\u00edtima, e mesmo na faixa de transi\u00e7\u00e3o &#8220;Dias assim&#8221;, \u00e9 o mar quem parece versar confort\u00e1vel na esteira de um viol\u00e3o bem tocado.<\/p>\n<p>&#8220;Deus de batom&#8221; \u00e9 uma das melhores do disco e amarra o conceito proposto, com a mensagem clara: &#8220;Dias assim n\u00e3o foram feitos pra acabar&#8221;. Em &#8220;Sorriso de pura beleza&#8221;, a sexta faixa, um hula havaiano des\u00e1gua num refr\u00e3o noventista com fator 50 de alegria. A \u00f3tima &#8220;Vir\u00e1&#8221; \u00e9 uma senhora lambada com selo <strong>Luiz Caldas<\/strong> de quadris em festa, trazendo uma carga de energia irresist\u00edvel.<\/p>\n<h3>A Intimidade do Projeto Art\u00edstico<\/h3>\n<p>&#8220;Hotel Pas\u00e1rgada&#8221; merece destaque especial, uma baladinha que evoca um lugar id\u00edlico onde &#8220;l\u00e1 que mora o meu cora\u00e7\u00e3o&#8221;. A intimidade e organicidade do projeto se revelam em cada detalhe, sugerindo que Silva deve ter feito o disco todo de sunga, em perfeita sintonia com a proposta est\u00e9tica. O resultado \u00e9 um trabalho coerente que revisita refer\u00eancias musicais brasileiras com originalidade e naturalidade, criando uma experi\u00eancia auditiva que convida o ouvinte a uma jornada tropical genu\u00edna.<\/p>","protected":false},"excerpt":{"rendered":"<p>Silva lan\u00e7a &#8216;Rolidei&#8217;, \u00e1lbum que avan\u00e7a na est\u00e9tica praiana e revisita refer\u00eancias de Jo\u00e3o Gilberto e Dorival Caymmi com originalidade.<\/p>","protected":false},"author":4,"featured_media":24671,"comment_status":"open","ping_status":"open","sticky":false,"template":"","format":"standard","meta":{"googlesitekit_rrm_CAow6MXMDA:productID":"","footnotes":""},"categories":[269],"tags":[],"class_list":["post-24676","post","type-post","status-publish","format-standard","has-post-thumbnail","hentry","category-noticias"],"brizy_media":[],"_links":{"self":[{"href":"https:\/\/jornalcorporativo.com.br\/en\/wp-json\/wp\/v2\/posts\/24676","targetHints":{"allow":["GET"]}}],"collection":[{"href":"https:\/\/jornalcorporativo.com.br\/en\/wp-json\/wp\/v2\/posts"}],"about":[{"href":"https:\/\/jornalcorporativo.com.br\/en\/wp-json\/wp\/v2\/types\/post"}],"author":[{"embeddable":true,"href":"https:\/\/jornalcorporativo.com.br\/en\/wp-json\/wp\/v2\/users\/4"}],"replies":[{"embeddable":true,"href":"https:\/\/jornalcorporativo.com.br\/en\/wp-json\/wp\/v2\/comments?post=24676"}],"version-history":[{"count":0,"href":"https:\/\/jornalcorporativo.com.br\/en\/wp-json\/wp\/v2\/posts\/24676\/revisions"}],"wp:featuredmedia":[{"embeddable":true,"href":"https:\/\/jornalcorporativo.com.br\/en\/wp-json\/wp\/v2\/media\/24671"}],"wp:attachment":[{"href":"https:\/\/jornalcorporativo.com.br\/en\/wp-json\/wp\/v2\/media?parent=24676"}],"wp:term":[{"taxonomy":"category","embeddable":true,"href":"https:\/\/jornalcorporativo.com.br\/en\/wp-json\/wp\/v2\/categories?post=24676"},{"taxonomy":"post_tag","embeddable":true,"href":"https:\/\/jornalcorporativo.com.br\/en\/wp-json\/wp\/v2\/tags?post=24676"}],"curies":[{"name":"wp","href":"https:\/\/api.w.org\/{rel}","templated":true}]}}