{"id":25139,"date":"2026-04-24T04:01:03","date_gmt":"2026-04-24T07:01:03","guid":{"rendered":"https:\/\/jornalcorporativo.com.br\/redacao\/governo-reduz-impostos-combustiveis-receita-petroleo\/"},"modified":"2026-04-24T04:01:03","modified_gmt":"2026-04-24T07:01:03","slug":"governo-reduz-impostos-combustiveis-receita-petroleo","status":"publish","type":"post","link":"https:\/\/jornalcorporativo.com.br\/en\/economia\/governo-reduz-impostos-combustiveis-receita-petroleo\/","title":{"rendered":"Governo envia \u00e0 C\u00e2mara projeto para reduzir impostos sobre combust\u00edveis com receita extra do petr\u00f3leo"},"content":{"rendered":"<h2>Novo projeto busca aliviar pre\u00e7os de combust\u00edveis<\/h2>\n<p>O governo federal protocolou na C\u00e2mara dos Deputados um projeto de lei complementar que visa converter a arrecada\u00e7\u00e3o extraordin\u00e1ria gerada pela alta do petr\u00f3leo em redu\u00e7\u00f5es significativas de tributos sobre combust\u00edveis. A proposta, apresentada pelo deputado Paulo Pimenta (PT-RS), representa uma iniciativa para tentar controlar os pre\u00e7os que afetam diretamente o bolso dos consumidores brasileiros.<\/p>\n<h2>Detalhes da proposta legislativa<\/h2>\n<p>O projeto prev\u00ea uma redu\u00e7\u00e3o tempor\u00e1ria de al\u00edquotas de <strong>PIS, Cofins e Cide<\/strong>, especificamente aplicada aos seguintes combust\u00edveis: diesel, gasolina, etanol e biodiesel. A medida teria uma dura\u00e7\u00e3o de <strong>dois meses<\/strong>, per\u00edodo no qual o governo espera aproveitar os ganhos extraordin\u00e1rios do setor petrol\u00edfero para aliviar a carga tribut\u00e1ria.<\/p>\n<h3>Impostos abrangidos pela redu\u00e7\u00e3o<\/h3>\n<p>A proposta incide sobre os principais impostos que comp\u00f5em o pre\u00e7o final dos combust\u00edveis. O PIS (Programa de Integra\u00e7\u00e3o Social) e a Cofins (Contribui\u00e7\u00e3o para Financiamento da Seguridade Social) s\u00e3o contribui\u00e7\u00f5es federais que incidem sobre o faturamento das distribuidoras. J\u00e1 a Cide (Contribui\u00e7\u00e3o de Interven\u00e7\u00e3o no Dom\u00ednio Econ\u00f4mico) \u00e9 um imposto espec\u00edfico que incide sobre a gasolina.<\/p>\n<h2>Contexto econ\u00f4mico e impacto esperado<\/h2>\n<p>A iniciativa surge em um momento onde a volatilidade dos pre\u00e7os internacionais do petr\u00f3leo continua impactando a economia dom\u00e9stica. Ao vincular a redu\u00e7\u00e3o tribut\u00e1ria \u00e0s receitas extraordin\u00e1rias do setor, o governo busca uma solu\u00e7\u00e3o que n\u00e3o comprometa permanentemente a arrecada\u00e7\u00e3o federal, mantendo o equil\u00edbrio fiscal.<\/p>\n<h3>Combust\u00edveis contemplados<\/h3>\n<p>A redu\u00e7\u00e3o ser\u00e1 aplicada de forma abrangente a todos os principais combust\u00edveis utilizados no pa\u00eds: <strong>gasolina<\/strong>, amplamente utilizada em ve\u00edculos de passeio; <strong>diesel<\/strong>, combust\u00edvel essencial para o transporte de cargas e log\u00edstica; <strong>etanol<\/strong>, combust\u00edvel renov\u00e1vel importante para o Brasil; e <strong>biodiesel<\/strong>, combust\u00edvel sustent\u00e1vel que reduz emiss\u00f5es.<\/p>\n<h2>Pr\u00f3ximos passos legislativos<\/h2>\n<p>Com o protocolo do projeto na C\u00e2mara dos Deputados, inicia-se o processo legislativo que envolver\u00e1 an\u00e1lise em comiss\u00f5es, discuss\u00f5es e vota\u00e7\u00e3o em plen\u00e1rio. O projeto de lei complementar necessita de aprova\u00e7\u00e3o espec\u00edfica devido \u00e0 sua natureza, o que pode impactar o cronograma de sua implementa\u00e7\u00e3o.<\/p>\n<p>Esta medida reflete a preocupa\u00e7\u00e3o do governo federal com o poder de compra dos brasileiros e a import\u00e2ncia econ\u00f4mica dos combust\u00edveis para toda a cadeia produtiva nacional.<\/p>","protected":false},"excerpt":{"rendered":"<p>Governo protocola projeto na C\u00e2mara para reduzir impostos sobre combust\u00edveis aproveitando receita extra do petr\u00f3leo por dois meses.<\/p>","protected":false},"author":4,"featured_media":25136,"comment_status":"open","ping_status":"open","sticky":false,"template":"","format":"standard","meta":{"_crdt_document":"","footnotes":""},"categories":[4],"tags":[],"class_list":["post-25139","post","type-post","status-publish","format-standard","has-post-thumbnail","hentry","category-economia"],"brizy_media":[],"_links":{"self":[{"href":"https:\/\/jornalcorporativo.com.br\/en\/wp-json\/wp\/v2\/posts\/25139","targetHints":{"allow":["GET"]}}],"collection":[{"href":"https:\/\/jornalcorporativo.com.br\/en\/wp-json\/wp\/v2\/posts"}],"about":[{"href":"https:\/\/jornalcorporativo.com.br\/en\/wp-json\/wp\/v2\/types\/post"}],"author":[{"embeddable":true,"href":"https:\/\/jornalcorporativo.com.br\/en\/wp-json\/wp\/v2\/users\/4"}],"replies":[{"embeddable":true,"href":"https:\/\/jornalcorporativo.com.br\/en\/wp-json\/wp\/v2\/comments?post=25139"}],"version-history":[{"count":0,"href":"https:\/\/jornalcorporativo.com.br\/en\/wp-json\/wp\/v2\/posts\/25139\/revisions"}],"wp:featuredmedia":[{"embeddable":true,"href":"https:\/\/jornalcorporativo.com.br\/en\/wp-json\/wp\/v2\/media\/25136"}],"wp:attachment":[{"href":"https:\/\/jornalcorporativo.com.br\/en\/wp-json\/wp\/v2\/media?parent=25139"}],"wp:term":[{"taxonomy":"category","embeddable":true,"href":"https:\/\/jornalcorporativo.com.br\/en\/wp-json\/wp\/v2\/categories?post=25139"},{"taxonomy":"post_tag","embeddable":true,"href":"https:\/\/jornalcorporativo.com.br\/en\/wp-json\/wp\/v2\/tags?post=25139"}],"curies":[{"name":"wp","href":"https:\/\/api.w.org\/{rel}","templated":true}]}}