{"id":25145,"date":"2026-04-24T08:00:56","date_gmt":"2026-04-24T11:00:56","guid":{"rendered":"https:\/\/jornalcorporativo.com.br\/redacao\/afastamento-textor-botafogo-atrasa-barboza-palmeiras\/"},"modified":"2026-04-24T08:00:56","modified_gmt":"2026-04-24T11:00:56","slug":"afastamento-textor-botafogo-atrasa-barboza-palmeiras","status":"publish","type":"post","link":"https:\/\/jornalcorporativo.com.br\/en\/esportes\/afastamento-textor-botafogo-atrasa-barboza-palmeiras\/","title":{"rendered":"Afastamento de Textor do Botafogo pode atrasar transfer\u00eancia de Barboza ao Palmeiras"},"content":{"rendered":"<h2>Negocia\u00e7\u00e3o de Barboza em risco com sa\u00edda de Textor<\/h2>\n<p>A transfer\u00eancia de <strong>Alexander Barboza<\/strong> do Botafogo para o Palmeiras enfrenta poss\u00edveis atrasos ap\u00f3s o afastamento de <strong>John Textor<\/strong> do comando da SAF alvinegra, determinado pelo Tribunal Arbitral da FGV. A negocia\u00e7\u00e3o, que estava em andamento entre os dois clubes, depende agora de novas defini\u00e7\u00f5es administrativas na institui\u00e7\u00e3o carioca.<\/p>\n<h2>Papel crucial de Textor nas negocia\u00e7\u00f5es<\/h2>\n<p>De acordo com apura\u00e7\u00f5es, o empres\u00e1rio americano era o respons\u00e1vel direto pelas tratativas com o Palmeiras e com os agentes do zagueiro, especialmente no que diz respeito \u00e0 <strong>compensa\u00e7\u00e3o financeira de 4 milh\u00f5es de d\u00f3lares<\/strong> que seria paga pela transfer\u00eancia. Com seu afastamento, essas negocia\u00e7\u00f5es ficam temporariamente sem um interlocutor definido, o que pode ocasionar delays no processo.<\/p>\n<h2>Situa\u00e7\u00e3o contratual de Barboza e pr\u00e9-contrato com Palmeiras<\/h2>\n<p>O zagueiro possui contrato com o Botafogo at\u00e9 dezembro, o que lhe permitiria sair como <strong>jogador livre<\/strong> ao final do per\u00edodo. No entanto, j\u00e1 havia um pr\u00e9-contrato firmado entre Barboza e o Palmeiras, sinalizando sua sa\u00edda iminente. Ciente dessa n\u00e3o renova\u00e7\u00e3o, o Botafogo estabeleceu um pre\u00e7o para permitir a sa\u00edda imediata do jogador, evitando assim perd\u00ea-lo gratuitamente na sequ\u00eancia.<\/p>\n<h2>Novo comando da SAF assume responsabilidades<\/h2>\n<p>Com o afastamento de Textor, a negocia\u00e7\u00e3o precisar\u00e1 ser conduzida pelos novos representantes da SAF botafoguense. O clube social e a Eagle, atrav\u00e9s do fundo Ares e da Gorc Gully, assumem temporariamente as decis\u00f5es estrat\u00e9gicas sobre o tema. Essa transi\u00e7\u00e3o administrativa pode gerar atrasos naturais, j\u00e1 que novos gestores precisam se familiarizar com os detalhes das negocia\u00e7\u00f5es em curso.<\/p>\n<h2>Estrutura provis\u00f3ria para manter o futebol funcionando<\/h2>\n<p>Para evitar que o dia a dia do futebol seja prejudicado durante essa transi\u00e7\u00e3o, a institui\u00e7\u00e3o est\u00e1 desenhando um <strong>Conselho de Administra\u00e7\u00e3o tempor\u00e1rio<\/strong>. Esse conselho entrar\u00e1 no processo de tomada de decis\u00e3o, garantindo que as opera\u00e7\u00f5es relacionadas ao futebol continuem fluindo normalmente, mesmo com as mudan\u00e7as na lideran\u00e7a. A medida busca manter a estrutura competitiva do clube est\u00e1vel enquanto as quest\u00f5es administrativas s\u00e3o reorganizadas.<\/p>\n<p>O cen\u00e1rio coloca o Botafogo em uma posi\u00e7\u00e3o delicada, pois precisa equilibrar as necessidades administrativas internas com a continuidade das negocia\u00e7\u00f5es internacionais que envolvem transfer\u00eancias de seus atletas.<\/p>","protected":false},"excerpt":{"rendered":"<p>Afastamento de Textor do Botafogo pode atrasar venda de Alexander Barboza ao Palmeiras. Saiba mais sobre essa transfer\u00eancia.<\/p>","protected":false},"author":4,"featured_media":25140,"comment_status":"open","ping_status":"open","sticky":false,"template":"","format":"standard","meta":{"_crdt_document":"","footnotes":""},"categories":[6],"tags":[],"class_list":["post-25145","post","type-post","status-publish","format-standard","has-post-thumbnail","hentry","category-esportes"],"brizy_media":[],"_links":{"self":[{"href":"https:\/\/jornalcorporativo.com.br\/en\/wp-json\/wp\/v2\/posts\/25145","targetHints":{"allow":["GET"]}}],"collection":[{"href":"https:\/\/jornalcorporativo.com.br\/en\/wp-json\/wp\/v2\/posts"}],"about":[{"href":"https:\/\/jornalcorporativo.com.br\/en\/wp-json\/wp\/v2\/types\/post"}],"author":[{"embeddable":true,"href":"https:\/\/jornalcorporativo.com.br\/en\/wp-json\/wp\/v2\/users\/4"}],"replies":[{"embeddable":true,"href":"https:\/\/jornalcorporativo.com.br\/en\/wp-json\/wp\/v2\/comments?post=25145"}],"version-history":[{"count":0,"href":"https:\/\/jornalcorporativo.com.br\/en\/wp-json\/wp\/v2\/posts\/25145\/revisions"}],"wp:featuredmedia":[{"embeddable":true,"href":"https:\/\/jornalcorporativo.com.br\/en\/wp-json\/wp\/v2\/media\/25140"}],"wp:attachment":[{"href":"https:\/\/jornalcorporativo.com.br\/en\/wp-json\/wp\/v2\/media?parent=25145"}],"wp:term":[{"taxonomy":"category","embeddable":true,"href":"https:\/\/jornalcorporativo.com.br\/en\/wp-json\/wp\/v2\/categories?post=25145"},{"taxonomy":"post_tag","embeddable":true,"href":"https:\/\/jornalcorporativo.com.br\/en\/wp-json\/wp\/v2\/tags?post=25145"}],"curies":[{"name":"wp","href":"https:\/\/api.w.org\/{rel}","templated":true}]}}