{"id":25146,"date":"2026-04-24T08:00:56","date_gmt":"2026-04-24T11:00:56","guid":{"rendered":"https:\/\/jornalcorporativo.com.br\/redacao\/tse-publica-acordao-inelegibilidade-claudio-castro-pressao-dino-eleicoes-rio\/"},"modified":"2026-04-24T08:00:56","modified_gmt":"2026-04-24T11:00:56","slug":"tse-publica-acordao-inelegibilidade-claudio-castro-pressao-dino-eleicoes-rio","status":"publish","type":"post","link":"https:\/\/jornalcorporativo.com.br\/en\/politica\/tse-publica-acordao-inelegibilidade-claudio-castro-pressao-dino-eleicoes-rio\/","title":{"rendered":"TSE publica ac\u00f3rd\u00e3o sobre inelegibilidade de Cl\u00e1udio Castro e pressiona Dino a destravar elei\u00e7\u00f5es no Rio"},"content":{"rendered":"<h2>TSE divulga decis\u00e3o sobre inelegibilidade do ex-governador<\/h2>\n<p>O Tribunal Superior Eleitoral (TSE) disponibilizou nesta quinta-feira (23) o ac\u00f3rd\u00e3o referente ao julgamento que resultou na declara\u00e7\u00e3o de inelegibilidade do ex-governador do Rio de Janeiro, Cl\u00e1udio Castro. A publica\u00e7\u00e3o formal da decis\u00e3o marca um momento crucial no processo eleitoral fluminense e intensifica as discuss\u00f5es sobre os pr\u00f3ximos passos legais que envolvem a mais alta corte do pa\u00eds.<\/p>\n<h2>Press\u00e3o sobre o Supremo Tribunal Federal<\/h2>\n<p>Com a divulga\u00e7\u00e3o do ac\u00f3rd\u00e3o pelo TSE, cresce a press\u00e3o sobre o ministro Fl\u00e1vio Dino para que destrave o julgamento no Supremo Tribunal Federal (STF). Este julgamento \u00e9 de extrema import\u00e2ncia, pois ser\u00e1 respons\u00e1vel por definir como e quando ser\u00e3o realizadas as novas elei\u00e7\u00f5es no estado do Rio de Janeiro, que constitui o terceiro maior col\u00e9gio eleitoral de todo o pa\u00eds.<\/p>\n<h2>Import\u00e2ncia pol\u00edtica e eleitoral<\/h2>\n<p>A quest\u00e3o das elei\u00e7\u00f5es no Rio de Janeiro transcende a esfera estadual, envolvendo discuss\u00f5es profundas sobre a elegibilidade de candidatos e a conformidade com as legisla\u00e7\u00f5es eleitorais vigentes. A inelegibilidade de Cl\u00e1udio Castro representa um ponto de inflex\u00e3o no cen\u00e1rio pol\u00edtico fluminense, afetando diretamente as estrat\u00e9gias de diversos partidos e candidatos que planejavam suas campanhas considerando a possibilidade de sua participa\u00e7\u00e3o nas pr\u00f3ximas disputas eleitorais.<\/p>\n<h2>Desdobramentos processuais esperados<\/h2>\n<p>A movimenta\u00e7\u00e3o processual iniciada com a publica\u00e7\u00e3o do ac\u00f3rd\u00e3o pelo TSE sinaliza que novas etapas est\u00e3o por vir. A comunidade jur\u00eddica e os atores pol\u00edticos acompanham com aten\u00e7\u00e3o cada passo do processo, conscientes de que as decis\u00f5es tomadas pelo STF impactar\u00e3o significativamente o futuro pol\u00edtico do Rio de Janeiro. O desbloqueio do julgamento por parte do ministro Fl\u00e1vio Dino \u00e9 essencial para que se estabele\u00e7a clareza sobre o cronograma e as modalidades das pr\u00f3ximas elei\u00e7\u00f5es estaduais.<\/p>\n<h2>Contexto eleitoral fluminense<\/h2>\n<p>O Rio de Janeiro, como um dos principais centros eleitorais do Brasil, atrai a aten\u00e7\u00e3o nacional quando quest\u00f5es de tamanha relev\u00e2ncia entram em pauta. A defini\u00e7\u00e3o de como ser\u00e3o realizadas as novas elei\u00e7\u00f5es no estado pode estabelecer precedentes e influenciar outras decis\u00f5es judiciais relacionadas a quest\u00f5es eleitorais em diferentes unidades federativas. A transpar\u00eancia e a celeridade processual s\u00e3o elementos fundamentais para restaurar a confian\u00e7a dos eleitores fluminenses no sistema eleitoral.<\/p>","protected":false},"excerpt":{"rendered":"<p>TSE publica ac\u00f3rd\u00e3o sobre inelegibilidade de Cl\u00e1udio Castro, aumentando press\u00e3o para destravar julgamento sobre elei\u00e7\u00f5es no Rio no STF.<\/p>","protected":false},"author":4,"featured_media":25143,"comment_status":"open","ping_status":"open","sticky":false,"template":"","format":"standard","meta":{"_crdt_document":"","footnotes":""},"categories":[7],"tags":[],"class_list":["post-25146","post","type-post","status-publish","format-standard","has-post-thumbnail","hentry","category-politica"],"brizy_media":[],"_links":{"self":[{"href":"https:\/\/jornalcorporativo.com.br\/en\/wp-json\/wp\/v2\/posts\/25146","targetHints":{"allow":["GET"]}}],"collection":[{"href":"https:\/\/jornalcorporativo.com.br\/en\/wp-json\/wp\/v2\/posts"}],"about":[{"href":"https:\/\/jornalcorporativo.com.br\/en\/wp-json\/wp\/v2\/types\/post"}],"author":[{"embeddable":true,"href":"https:\/\/jornalcorporativo.com.br\/en\/wp-json\/wp\/v2\/users\/4"}],"replies":[{"embeddable":true,"href":"https:\/\/jornalcorporativo.com.br\/en\/wp-json\/wp\/v2\/comments?post=25146"}],"version-history":[{"count":0,"href":"https:\/\/jornalcorporativo.com.br\/en\/wp-json\/wp\/v2\/posts\/25146\/revisions"}],"wp:featuredmedia":[{"embeddable":true,"href":"https:\/\/jornalcorporativo.com.br\/en\/wp-json\/wp\/v2\/media\/25143"}],"wp:attachment":[{"href":"https:\/\/jornalcorporativo.com.br\/en\/wp-json\/wp\/v2\/media?parent=25146"}],"wp:term":[{"taxonomy":"category","embeddable":true,"href":"https:\/\/jornalcorporativo.com.br\/en\/wp-json\/wp\/v2\/categories?post=25146"},{"taxonomy":"post_tag","embeddable":true,"href":"https:\/\/jornalcorporativo.com.br\/en\/wp-json\/wp\/v2\/tags?post=25146"}],"curies":[{"name":"wp","href":"https:\/\/api.w.org\/{rel}","templated":true}]}}