{"id":25147,"date":"2026-04-24T08:00:56","date_gmt":"2026-04-24T11:00:56","guid":{"rendered":"https:\/\/jornalcorporativo.com.br\/redacao\/martinelli-lesao-coxa-fluminense-copa-brasil\/"},"modified":"2026-04-24T08:00:56","modified_gmt":"2026-04-24T11:00:56","slug":"martinelli-lesao-coxa-fluminense-copa-brasil","status":"publish","type":"post","link":"https:\/\/jornalcorporativo.com.br\/en\/esportes\/martinelli-lesao-coxa-fluminense-copa-brasil\/","title":{"rendered":"Martinelli sofre les\u00e3o muscular na coxa e preocupa Fluminense na Copa do Brasil"},"content":{"rendered":"<h2>Les\u00e3o de Martinelli complica situa\u00e7\u00e3o do Fluminense<\/h2>\n<p>O Fluminense enfrenta um novo desafio em sua campanha na Copa do Brasil ap\u00f3s apenas cinco minutos de jogo. Luis Zubeld\u00eda, t\u00e9cnico da equipe, viu seu meia Martinelli deixar o campo lesionado durante a estreia contra o Oper\u00e1rio (PR), gerando mais uma preocupa\u00e7\u00e3o para a equipe tricolor nesta temporada.<\/p>\n<h3>Detalhes do incidente ocorrido em Ponta Grossa<\/h3>\n<p>O camisa 8 sentiu dores na parte anterior da coxa esquerda ap\u00f3s se envolver em uma dividida acirrada na linha lateral do est\u00e1dio Germano Kruger, localizado em Ponta Grossa. A colis\u00e3o durante o lance aparentemente desencadeou o problema muscular que for\u00e7ou sua substitui\u00e7\u00e3o imediata.<\/p>\n<p>Ainda no banco de reservas, Martinelli iniciou tratamento com gelo para controlar o incha\u00e7o e a dor causados pela les\u00e3o. O procedimento \u00e9 padr\u00e3o em situa\u00e7\u00f5es assim, visando minimizar danos adicionais enquanto o jogador aguarda uma avalia\u00e7\u00e3o mais detalhada.<\/p>\n<h3>Reavalia\u00e7\u00e3o agendada no Rio de Janeiro<\/h3>\n<p>O meia ser\u00e1 reavaliado assim que a delega\u00e7\u00e3o do Fluminense retornar ao Rio de Janeiro. Os m\u00e9dicos do clube dever\u00e3o realizar exames complementares para determinar a gravidade exata da les\u00e3o e o tempo de recupera\u00e7\u00e3o necess\u00e1rio. Esta avalia\u00e7\u00e3o \u00e9 crucial para definir se Martinelli ter\u00e1 condi\u00e7\u00f5es de retornar aos gramados nas pr\u00f3ximas rodadas da competi\u00e7\u00e3o.<\/p>\n<h2>Situa\u00e7\u00e3o delicada para o meio-campo tricolor<\/h2>\n<p><strong>O Fluminense j\u00e1 enfrentava dificuldades no setor de meio-campo<\/strong> antes do incidente com Martinelli. O time j\u00e1 havia perdido Lucho Acosta como desfalque neste per\u00edodo, ap\u00f3s o jogador sofrer uma les\u00e3o ligamentar de grau 2 no joelho esquerdo. A sa\u00edda desses dois atletas importantes coloca press\u00e3o adicional sobre as op\u00e7\u00f5es dispon\u00edveis no meio-campo para o t\u00e9cnico Luis Zubeld\u00eda.<\/p>\n<p>Com ambos os jogadores fora da a\u00e7\u00e3o ou sob avalia\u00e7\u00e3o, o treinador precisar\u00e1 reorganizar sua estrat\u00e9gia ofensiva e de cria\u00e7\u00e3o de jogadas durante a Copa do Brasil. A profundidade do elenco nesta posi\u00e7\u00e3o ser\u00e1 testada nos pr\u00f3ximos compromissos da equipe na competi\u00e7\u00e3o.<\/p>\n<h3>Perspectivas para a temporada<\/h3>\n<p><strong>As les\u00f5es musculares e ligamentares<\/strong> s\u00e3o preocupa\u00e7\u00f5es leg\u00edtimas para qualquer elenco profissional. No caso do Fluminense, a sucess\u00e3o de problemas no meio-campo em um curto espa\u00e7o de tempo indica uma poss\u00edvel fragilidade que precisar\u00e1 ser acompanhada de perto. A comiss\u00e3o t\u00e9cnica e a equipe m\u00e9dica ter\u00e3o trabalho importante pela frente para manter o elenco saud\u00e1vel e competitivo.<\/p>\n<p>A Copa do Brasil \u00e9 uma competi\u00e7\u00e3o importante para o clube, e manter seus principais atletas dispon\u00edveis \u00e9 fundamental para almejar resultados positivos. Portanto, a recupera\u00e7\u00e3o bem-sucedida de Martinelli ser\u00e1 monitorada de perto nos pr\u00f3ximos dias, enquanto o Fluminense segue sua campanha na competi\u00e7\u00e3o.<\/p>","protected":false},"excerpt":{"rendered":"<p>Martinelli sofre les\u00e3o na coxa e vira preocupa\u00e7\u00e3o para Fluminense na Copa do Brasil. Meia ser\u00e1 reavaliado no Rio.<\/p>","protected":false},"author":4,"featured_media":25142,"comment_status":"open","ping_status":"open","sticky":false,"template":"","format":"standard","meta":{"_crdt_document":"","footnotes":""},"categories":[6],"tags":[],"class_list":["post-25147","post","type-post","status-publish","format-standard","has-post-thumbnail","hentry","category-esportes"],"brizy_media":[],"_links":{"self":[{"href":"https:\/\/jornalcorporativo.com.br\/en\/wp-json\/wp\/v2\/posts\/25147","targetHints":{"allow":["GET"]}}],"collection":[{"href":"https:\/\/jornalcorporativo.com.br\/en\/wp-json\/wp\/v2\/posts"}],"about":[{"href":"https:\/\/jornalcorporativo.com.br\/en\/wp-json\/wp\/v2\/types\/post"}],"author":[{"embeddable":true,"href":"https:\/\/jornalcorporativo.com.br\/en\/wp-json\/wp\/v2\/users\/4"}],"replies":[{"embeddable":true,"href":"https:\/\/jornalcorporativo.com.br\/en\/wp-json\/wp\/v2\/comments?post=25147"}],"version-history":[{"count":0,"href":"https:\/\/jornalcorporativo.com.br\/en\/wp-json\/wp\/v2\/posts\/25147\/revisions"}],"wp:featuredmedia":[{"embeddable":true,"href":"https:\/\/jornalcorporativo.com.br\/en\/wp-json\/wp\/v2\/media\/25142"}],"wp:attachment":[{"href":"https:\/\/jornalcorporativo.com.br\/en\/wp-json\/wp\/v2\/media?parent=25147"}],"wp:term":[{"taxonomy":"category","embeddable":true,"href":"https:\/\/jornalcorporativo.com.br\/en\/wp-json\/wp\/v2\/categories?post=25147"},{"taxonomy":"post_tag","embeddable":true,"href":"https:\/\/jornalcorporativo.com.br\/en\/wp-json\/wp\/v2\/tags?post=25147"}],"curies":[{"name":"wp","href":"https:\/\/api.w.org\/{rel}","templated":true}]}}