{"id":25180,"date":"2026-04-25T00:01:00","date_gmt":"2026-04-25T03:01:00","guid":{"rendered":"https:\/\/jornalcorporativo.com.br\/redacao\/stf-analisa-acordao-tse-condenacao-castro-eleicao-rio\/"},"modified":"2026-04-25T00:01:00","modified_gmt":"2026-04-25T03:01:00","slug":"stf-analisa-acordao-tse-condenacao-castro-eleicao-rio","status":"publish","type":"post","link":"https:\/\/jornalcorporativo.com.br\/en\/justica-em-foco\/stf-analisa-acordao-tse-condenacao-castro-eleicao-rio\/","title":{"rendered":"STF analisa ac\u00f3rd\u00e3o do TSE sobre condena\u00e7\u00e3o de Castro para retomar julgamento da elei\u00e7\u00e3o no Rio"},"content":{"rendered":"<h2>Ministros do STF analisam decis\u00e3o do TSE sobre Cl\u00e1udio Castro<\/h2>\n<p>Os ministros do Supremo Tribunal Federal (STF) iniciaram a an\u00e1lise minuciosa do ac\u00f3rd\u00e3o publicado pelo Tribunal Superior Eleitoral (TSE) referente \u00e0 condena\u00e7\u00e3o do ex-governador do Rio de Janeiro Cl\u00e1udio Castro (PL). Este documento \u00e9 fundamental para determinar os pr\u00f3ximos passos do julgamento que discute o formato da elei\u00e7\u00e3o para o comando estadual. A expectativa institucional \u00e9 que a leitura completa do ac\u00f3rd\u00e3o sirva como base s\u00f3lida para retomar os debates, que foram suspensos na semana anterior ap\u00f3s solicita\u00e7\u00e3o de vista do ministro Fl\u00e1vio Dino.<\/p>\n<p>Nos bastidores da Corte, ministros revelam que o conte\u00fado do ac\u00f3rd\u00e3o ser\u00e1 examinado com extremo rigor, particularmente para esclarecer quest\u00f5es que motivaram a interrup\u00e7\u00e3o do julgamento. Um dos pontos cr\u00edticos \u00e9 a aus\u00eancia de manifesta\u00e7\u00e3o expressa do TSE sobre poss\u00edvel burla na ren\u00fancia de Castro, estrat\u00e9gia que teria objetivo de escapar da cassa\u00e7\u00e3o eleitoral.<\/p>\n<h2>O debate sobre a vac\u00e2ncia do cargo governamental<\/h2>\n<p>O debate \u00e9 essencial para definir o futuro pol\u00edtico do estado. Quando existe vac\u00e2ncia do cargo de governador a mais de seis meses do t\u00e9rmino do mandato por raz\u00f5es eleitorais, como cassa\u00e7\u00e3o por crime eleitoral, automaticamente surge a obrigatoriedade de realiza\u00e7\u00e3o de elei\u00e7\u00e3o direta para escolha do novo comandante.<\/p>\n<p>Contrariamente, se os cargos est\u00e3o vagos por motiva\u00e7\u00f5es que n\u00e3o sejam de natureza eleitoral, os estados possuem autonomia para estabelecer o formato de sucess\u00e3o. A Assembleia Legislativa do Rio (Alerj) aprovou legisla\u00e7\u00e3o determinando que a escolha seja realizada pelos pr\u00f3prios deputados estaduais nessa circunst\u00e2ncia. Essa legisla\u00e7\u00e3o permanece suspensa por liminar e tamb\u00e9m est\u00e1 em discuss\u00e3o no STF.<\/p>\n<h2>Acusa\u00e7\u00f5es sobre estrat\u00e9gia de Castro<\/h2>\n<p>Opositores pol\u00edticos de Castro argumentam que sua ren\u00fancia ocorreu estrategicamente na v\u00e9spera do julgamento em que seria condenado, especificamente para evitar a cassa\u00e7\u00e3o e manter controle sobre o processo de sucess\u00e3o atrav\u00e9s de uma elei\u00e7\u00e3o indireta. Nesse cen\u00e1rio, o presidente da Alerj, Douglas Ruas (PL), considerado aliado de Castro, \u00e9 visto como principal favorito para assumir o cargo.<\/p>\n<h2>Controv\u00e9rsias sobre diploma e cassa\u00e7\u00e3o<\/h2>\n<p>Outro aspecto que gerou inc\u00f4modo em parte do STF refere-se ao trecho do ac\u00f3rd\u00e3o que trata do diploma, documento que certifica a elei\u00e7\u00e3o de um candidato. O texto afirma que o diploma de Castro n\u00e3o foi cassado porque apenas tr\u00eas votos favoreceram essa medida, n\u00famero insuficiente para formar maioria. Por\u00e9m, um grupo significativo de magistrados entende que a cassa\u00e7\u00e3o do diploma \u00e9 consequ\u00eancia obrigat\u00f3ria da senten\u00e7a condenat\u00f3ria por abuso de poder pol\u00edtico e econ\u00f4mico, categoria em que se enquadra o caso Castro.<\/p>\n<p>A legisla\u00e7\u00e3o que regulamenta casos de inelegibilidade estabelece que, havendo condena\u00e7\u00e3o, o tribunal deve declarar a inelegibilidade do representado e todos os contribuintes para a pr\u00e1tica do ato, aplicando san\u00e7\u00e3o de inelegibilidade para as oito elei\u00e7\u00f5es subsequentes \u00e0quela em que se verificou a interfer\u00eancia. Al\u00e9m disso, prev\u00ea a cassa\u00e7\u00e3o obrigat\u00f3ria do registro ou diploma do candidato beneficiado pela interfer\u00eancia do poder econ\u00f4mico.<\/p>\n<h2>An\u00e1lise e pr\u00f3ximos passos do STF<\/h2>\n<p>Com o ac\u00f3rd\u00e3o em an\u00e1lise, os ministros do STF avaliam agora o alcance integral da decis\u00e3o da Justi\u00e7a Eleitoral e seus efeitos diretos no debate que ocorre na Corte. Espera-se que Dino, autor do pedido de vista realizado na sess\u00e3o de 8 de abril, execute an\u00e1lise detalhada de todos os votos e conclus\u00f5es consolidadas no documento antes de devolver o caso ao plen\u00e1rio.<\/p>\n<p>H\u00e1 tamb\u00e9m avalia\u00e7\u00e3o dentro do STF sobre a possibilidade de Dino preparar um voto-vista extenso, considerando as controv\u00e9rsias envolvidas nessa quest\u00e3o complexa. Apesar desse cen\u00e1rio, integrantes da Corte avaliam que Dino n\u00e3o deve prolongar excessivamente a devolu\u00e7\u00e3o do processo, considerando a urg\u00eancia em definir o impasse no Rio. Atualmente, o estado est\u00e1 sob comando interino do presidente do Tribunal de Justi\u00e7a do Rio, desembargador Ricardo Couto. A avalia\u00e7\u00e3o predominante \u00e9 que o ministro deve permitir a retomada do julgamento em curto prazo. Ap\u00f3s a devolu\u00e7\u00e3o por Dino, caber\u00e1 ao presidente do STF, Edson Fachin, marcar data espec\u00edfica para continua\u00e7\u00e3o.<\/p>\n<h2>Divis\u00e3o entre STF e TSE<\/h2>\n<p>A an\u00e1lise do ac\u00f3rd\u00e3o ocorre em contexto de divis\u00e3o clara no STF. A retomada do julgamento sobre a situa\u00e7\u00e3o do Rio deve evidenciar embate j\u00e1 esbo\u00e7ado entre a Corte e o TSE desde o in\u00edcio dos julgamentos no m\u00eas anterior. Para uma ala do Supremo, o ac\u00f3rd\u00e3o do TSE n\u00e3o resolveu pontos centrais do debate, particularmente o formato da elei\u00e7\u00e3o e a cassa\u00e7\u00e3o do diploma de Castro, deixando de oferecer elementos t\u00e9cnicos relevantes para fundamenta\u00e7\u00e3o adequada dos votos.<\/p>\n<p>At\u00e9 o presente momento, existem quatro votos favor\u00e1veis \u00e0 elei\u00e7\u00e3o indireta, provenientes de Luiz Fux, C\u00e1rmen L\u00facia, Andr\u00e9 Mendon\u00e7a e Nunes Marques. H\u00e1 um voto pela elei\u00e7\u00e3o direta, do ministro Cristiano Zanin. Em manifesta\u00e7\u00f5es anteriores no plen\u00e1rio virtual, Fl\u00e1vio Dino, Gilmar Mendes e Alexandre de Moraes tamb\u00e9m indicaram compreender a preval\u00eancia do voto popular direto. O potencial empate mant\u00e9m aten\u00e7\u00e3o focada no voto do ministro Dias Toffoli e no papel do presidente Edson Fachin, que pode necessitar desempatar o julgamento. Tamb\u00e9m permanece no radar a possibilidade de o tribunal aguardar a posse do novo ministro Jorge Messias antes de finalizar a an\u00e1lise.<\/p>","protected":false},"excerpt":{"rendered":"<p>STF analisa ac\u00f3rd\u00e3o do TSE sobre condena\u00e7\u00e3o de Castro para retomar julgamento do formato eleitoral no Rio de Janeiro<\/p>","protected":false},"author":4,"featured_media":25179,"comment_status":"open","ping_status":"open","sticky":false,"template":"","format":"standard","meta":{"_crdt_document":"","footnotes":""},"categories":[39],"tags":[],"class_list":["post-25180","post","type-post","status-publish","format-standard","has-post-thumbnail","hentry","category-justica-em-foco"],"brizy_media":[],"_links":{"self":[{"href":"https:\/\/jornalcorporativo.com.br\/en\/wp-json\/wp\/v2\/posts\/25180","targetHints":{"allow":["GET"]}}],"collection":[{"href":"https:\/\/jornalcorporativo.com.br\/en\/wp-json\/wp\/v2\/posts"}],"about":[{"href":"https:\/\/jornalcorporativo.com.br\/en\/wp-json\/wp\/v2\/types\/post"}],"author":[{"embeddable":true,"href":"https:\/\/jornalcorporativo.com.br\/en\/wp-json\/wp\/v2\/users\/4"}],"replies":[{"embeddable":true,"href":"https:\/\/jornalcorporativo.com.br\/en\/wp-json\/wp\/v2\/comments?post=25180"}],"version-history":[{"count":0,"href":"https:\/\/jornalcorporativo.com.br\/en\/wp-json\/wp\/v2\/posts\/25180\/revisions"}],"wp:featuredmedia":[{"embeddable":true,"href":"https:\/\/jornalcorporativo.com.br\/en\/wp-json\/wp\/v2\/media\/25179"}],"wp:attachment":[{"href":"https:\/\/jornalcorporativo.com.br\/en\/wp-json\/wp\/v2\/media?parent=25180"}],"wp:term":[{"taxonomy":"category","embeddable":true,"href":"https:\/\/jornalcorporativo.com.br\/en\/wp-json\/wp\/v2\/categories?post=25180"},{"taxonomy":"post_tag","embeddable":true,"href":"https:\/\/jornalcorporativo.com.br\/en\/wp-json\/wp\/v2\/tags?post=25180"}],"curies":[{"name":"wp","href":"https:\/\/api.w.org\/{rel}","templated":true}]}}