{"id":25181,"date":"2026-04-25T00:01:01","date_gmt":"2026-04-25T03:01:01","guid":{"rendered":"https:\/\/jornalcorporativo.com.br\/redacao\/prefeito-sorocaba-denunciado-mp-obra-cenografica-video\/"},"modified":"2026-04-25T00:01:01","modified_gmt":"2026-04-25T03:01:01","slug":"prefeito-sorocaba-denunciado-mp-obra-cenografica-video","status":"publish","type":"post","link":"https:\/\/jornalcorporativo.com.br\/en\/brasil\/prefeito-sorocaba-denunciado-mp-obra-cenografica-video\/","title":{"rendered":"Prefeito de Sorocaba \u00e9 denunciado ao MP por criar obra cenogr\u00e1fica fake para v\u00eddeo viral em redes sociais"},"content":{"rendered":"<h2>Den\u00fancia contra prefeito por obra teatral em via p\u00fablica<\/h2>\n<p>O Minist\u00e9rio P\u00fablico de S\u00e3o Paulo est\u00e1 analisando duas not\u00edcias-crime contra o prefeito de Sorocaba, Rodrigo Manga (Republicanos), ap\u00f3s den\u00fancias de servidores do Servi\u00e7o Aut\u00f4nomo de \u00c1gua e Esgoto (Saae) indicarem que uma obra teria sido realizada exclusivamente para servir como cen\u00e1rio de um v\u00eddeo publicado nas redes sociais do chefe do Executivo municipal.<\/p>\n<p>De acordo com os relatos apresentados, equipes da autarquia e de empresas terceirizadas foram mobilizadas no dia 9 de abril, no bairro Jardim Leoc\u00e1dia, para abrir e fechar um buraco em via p\u00fablica aparentemente sem necessidade t\u00e9cnica comprovada. A opera\u00e7\u00e3o coincidiu com a grava\u00e7\u00e3o de um v\u00eddeo de 19 segundos em que Manga, conhecido como &#8220;prefeito tiktoker&#8221;, empurra um personagem para dentro de uma vala contendo \u00e1gua escura, antes de divulgar a\u00e7\u00f5es de recapeamento e encerrar com um bord\u00e3o sobre a cidade. O conte\u00fado alcan\u00e7ou milh\u00f5es de visualiza\u00e7\u00f5es nas plataformas digitais.<\/p>\n<h2>Inconsist\u00eancias nas justificativas t\u00e9cnicas<\/h2>\n<p>Documentos internos revelam que ordens de servi\u00e7o foram elaboradas para tentar justificar a interven\u00e7\u00e3o, citando vazamento de \u00e1gua, afundamento do solo e manuten\u00e7\u00e3o de rede de esgoto. Servidores p\u00fablicos denunciantes, por\u00e9m, afirmam que n\u00e3o havia sinais desses problemas no local antes da realiza\u00e7\u00e3o da obra. Imagens fotogr\u00e1ficas registradas momentos antes dos trabalhos n\u00e3o apresentam ind\u00edcios de \u00e1gua na pista, esgoto exposto ou deforma\u00e7\u00f5es vis\u00edveis no asfalto.<\/p>\n<p>Um dos aspectos mais question\u00e1veis identificados est\u00e1 na documenta\u00e7\u00e3o fotogr\u00e1fica anexada aos procedimentos oficiais. Os registros identificados como &#8220;antes&#8221; e &#8220;depois&#8221; do servi\u00e7o mostram-se id\u00eanticos, sem qualquer altera\u00e7\u00e3o vis\u00edvel entre as imagens. Al\u00e9m disso, segundo os denunciantes, as fotografias foram tiradas em um ponto diferente do cruzamento onde a vala foi efetivamente aberta. Em um dos casos analisados, a pr\u00f3pria anota\u00e7\u00e3o t\u00e9cnica indica que o vazamento mencionado n\u00e3o seria de responsabilidade do Saae.<\/p>\n<h2>Mobiliza\u00e7\u00e3o desproporcional de recursos p\u00fablicos<\/h2>\n<p>Funcion\u00e1rios tamb\u00e9m questionam a log\u00edstica considerada desproporcional da opera\u00e7\u00e3o, que teria mobilizado ao menos dez servidores p\u00fablicos de diferentes \u00e1reas, incluindo equipes de \u00e1gua, esgoto, drenagem e sinaliza\u00e7\u00e3o, al\u00e9m de caminh\u00f5es e servi\u00e7os terceirizados de pavimenta\u00e7\u00e3o. Tal dimensionamento de recursos parece desproporcionalmente elevado para uma simples manuten\u00e7\u00e3o de infraestrutura.<\/p>\n<p>As den\u00fancias chegaram ao Minist\u00e9rio P\u00fablico atrav\u00e9s de diferentes canais, sendo uma delas apresentada formalmente pelo vereador Raul Marcelo (PSOL). O \u00f3rg\u00e3o confirmou que os casos est\u00e3o sob an\u00e1lise.<\/p>\n<h2>Resposta da administra\u00e7\u00e3o municipal<\/h2>\n<p>A gest\u00e3o municipal nega irregularidades nas opera\u00e7\u00f5es. Em nota oficial, a prefeitura de Sorocaba afirmou que &#8220;a vala foi aberta por equipe do Saae para obra de manuten\u00e7\u00e3o em rede de esgoto&#8221;, com troca de uma abra\u00e7adeira danificada e recomposi\u00e7\u00e3o do pavimento no mesmo dia, seguindo os protocolos internos estabelecidos e com registro formal da solicita\u00e7\u00e3o de servi\u00e7o.<\/p>\n<p>Em um segundo posicionamento, a autarquia alegou que o registro apresentado nas reportagens jornal\u00edsticas poderia estar se referindo a outra interven\u00e7\u00e3o diversa daquela mostrada no v\u00eddeo viral.<\/p>\n<h2>Contexto pol\u00edtico mais amplo<\/h2>\n<p>Este epis\u00f3dio ocorre em meio a um cen\u00e1rio mais amplo de questionamentos envolvendo o prefeito. Rodrigo Manga havia sido <strong>afastado do cargo por 145 dias<\/strong> no \u00e2mbito da Opera\u00e7\u00e3o Copia e Cola, que apura suspeitas de corrup\u00e7\u00e3o em contratos da sa\u00fade, mas retornou \u00e0 fun\u00e7\u00e3o ap\u00f3s decis\u00e3o do ministro Kassio Nunes Marques, do Supremo Tribunal Federal. O tribunal deve julgar, entre os dias 1\u00ba e 11 de maio, a manuten\u00e7\u00e3o do prefeito no cargo durante o per\u00edodo de investiga\u00e7\u00f5es.<\/p>","protected":false},"excerpt":{"rendered":"<p>Prefeito de Sorocaba \u00e9 denunciado ao MP por abrir vala fake em rua para gravar v\u00eddeo viral nas redes sociais com recurso p\u00fablico.<\/p>","protected":false},"author":4,"featured_media":25176,"comment_status":"open","ping_status":"open","sticky":false,"template":"","format":"standard","meta":{"_crdt_document":"","footnotes":""},"categories":[36],"tags":[],"class_list":["post-25181","post","type-post","status-publish","format-standard","has-post-thumbnail","hentry","category-brasil"],"brizy_media":[],"_links":{"self":[{"href":"https:\/\/jornalcorporativo.com.br\/en\/wp-json\/wp\/v2\/posts\/25181","targetHints":{"allow":["GET"]}}],"collection":[{"href":"https:\/\/jornalcorporativo.com.br\/en\/wp-json\/wp\/v2\/posts"}],"about":[{"href":"https:\/\/jornalcorporativo.com.br\/en\/wp-json\/wp\/v2\/types\/post"}],"author":[{"embeddable":true,"href":"https:\/\/jornalcorporativo.com.br\/en\/wp-json\/wp\/v2\/users\/4"}],"replies":[{"embeddable":true,"href":"https:\/\/jornalcorporativo.com.br\/en\/wp-json\/wp\/v2\/comments?post=25181"}],"version-history":[{"count":0,"href":"https:\/\/jornalcorporativo.com.br\/en\/wp-json\/wp\/v2\/posts\/25181\/revisions"}],"wp:featuredmedia":[{"embeddable":true,"href":"https:\/\/jornalcorporativo.com.br\/en\/wp-json\/wp\/v2\/media\/25176"}],"wp:attachment":[{"href":"https:\/\/jornalcorporativo.com.br\/en\/wp-json\/wp\/v2\/media?parent=25181"}],"wp:term":[{"taxonomy":"category","embeddable":true,"href":"https:\/\/jornalcorporativo.com.br\/en\/wp-json\/wp\/v2\/categories?post=25181"},{"taxonomy":"post_tag","embeddable":true,"href":"https:\/\/jornalcorporativo.com.br\/en\/wp-json\/wp\/v2\/tags?post=25181"}],"curies":[{"name":"wp","href":"https:\/\/api.w.org\/{rel}","templated":true}]}}