{"id":25182,"date":"2026-04-25T00:01:01","date_gmt":"2026-04-25T03:01:01","guid":{"rendered":"https:\/\/jornalcorporativo.com.br\/redacao\/policial-penal-bonitao-foragido-rio-preso-orlando-eua\/"},"modified":"2026-04-25T00:01:01","modified_gmt":"2026-04-25T03:01:01","slug":"policial-penal-bonitao-foragido-rio-preso-orlando-eua","status":"publish","type":"post","link":"https:\/\/jornalcorporativo.com.br\/en\/internacional\/policial-penal-bonitao-foragido-rio-preso-orlando-eua\/","title":{"rendered":"Policial penal foragido &#8216;Bonit\u00e3o&#8217; \u00e9 capturado em Orlando ap\u00f3s investiga\u00e7\u00e3o internacional por tr\u00e1fico de drogas"},"content":{"rendered":"<h2>Pris\u00e3o internacional de criminoso foragido do Rio de Janeiro<\/h2>\n<p>Luciano de Lima Fagundes Pinheiro, conhecido como Bonit\u00e3o, policial penal foragido do estado do Rio de Janeiro, foi capturado em Orlando, nos Estados Unidos, na \u00faltima sexta-feira (24). A opera\u00e7\u00e3o foi realizada pela DEA (Drug Enforcement Administration), ag\u00eancia de combate \u00e0s drogas norte-americana, baseando-se em informa\u00e7\u00f5es fornecidas pela Pol\u00edcia Federal brasileira. O criminoso \u00e9 alvo de investiga\u00e7\u00f5es por envolvimento em negocia\u00e7\u00f5es de vantagens indevidas e favorecimento aos interesses de um traficante internacional de drogas de grande relev\u00e2ncia.<\/p>\n<p>Este n\u00e3o era o primeiro encontro do ex-agente penitenci\u00e1rio com a justi\u00e7a. Em 2014, Luciano havia sido preso anteriormente acusado de atuar como informante do traficante Menor P, que opera na comunidade da Mar\u00e9. Naquela ocasi\u00e3o, ele tamb\u00e9m foi investigado por estabelecer contatos entre o criminoso e Ant\u00f4nio Bonfim Lopes, conhecido como Nem da Rocinha, outro importante personagem do crime organizado carioca.<\/p>\n<h2>Opera\u00e7\u00e3o Anomalia e For\u00e7a-Tarefa Miss\u00e3o Redentor II<\/h2>\n<p>Conforme informa\u00e7\u00f5es da Pol\u00edcia Federal, a captura de Bonit\u00e3o integra a opera\u00e7\u00e3o denominada Anomalia, desenvolvida em parceria com a For\u00e7a-Tarefa Miss\u00e3o Redentor II. Esta for\u00e7a-tarefa possui o objetivo espec\u00edfico de cumprir mandados expedidos pelo Supremo Tribunal Federal contra um n\u00facleo criminoso que coordenava atividades il\u00edcitas em diversos n\u00edveis. A audi\u00eancia de cust\u00f3dia ser\u00e1 realizada nos Estados Unidos, onde ser\u00e1 avaliada a possibilidade de deporta\u00e7\u00e3o do acusado para o Brasil, onde enfrentar\u00e1 processos nas autoridades locais.<\/p>\n<h2>Passado question\u00e1vel na Assembleia Legislativa<\/h2>\n<p>O hist\u00f3rico criminal de Luciano de Lima Fagundes Pinheiro estende-se al\u00e9m de suas atividades no tr\u00e1fico. Em 2019, a emissora Globo revelou informa\u00e7\u00f5es sobre o ex-agente penitenci\u00e1rio que geraram grande repercuss\u00e3o. Mesmo cumprindo condena\u00e7\u00e3o por colabora\u00e7\u00e3o com o tr\u00e1fico de drogas e posse ilegal de armamento, o criminoso ocupou um cargo de confian\u00e7a na Assembleia Legislativa do Rio de Janeiro (Alerj), durante o per\u00edodo em que Andr\u00e9 Ceciliano (PT) exercia a presid\u00eancia daquela casa legislativa. O v\u00ednculo institucional perdurou entre 2018 e 2019, quando foi exonerado ap\u00f3s a den\u00fancia p\u00fablica de seu envolvimento com atividades criminosas.<\/p>\n<h2>Trajet\u00f3ria criminal e vida luxuosa<\/h2>\n<p>A pris\u00e3o de 2014 que resultou em condena\u00e7\u00e3o ocorreu durante uma opera\u00e7\u00e3o da Pol\u00edcia Federal coordenada com a ocupa\u00e7\u00e3o militar do Complexo da Mar\u00e9. Naquela ocasi\u00e3o, Luciano foi localizado em um condom\u00ednio de luxo situado na Barra da Tijuca, um dos bairros mais valorizados do Rio de Janeiro. Durante a revista de sua resid\u00eancia, os policiais apreenderam uma arma de fogo com registro vencido e um carregador de pistola de uso proibido, elementos que refor\u00e7aram as acusa\u00e7\u00f5es contra ele. Sete anos antes de sua captura em Orlando, o ex-policial recorria em liberdade em dois processos distintos, mantendo sua vida nos bastidores cariocas.<\/p>\n<p>Notavelmente, Bonit\u00e3o era figura conhecida nos c\u00edrculos do futebol do Rio de Janeiro, onde atuava como assessor de jogadores renomados do Flamengo, incluindo o atleta V\u00e1gner Love. Essa inser\u00e7\u00e3o no meio esportivo demonstra como criminosos conseguem se infiltrar em diferentes setores da sociedade, utilizando conex\u00f5es e influ\u00eancia para suas atividades il\u00edcitas.<\/p>","protected":false},"excerpt":{"rendered":"<p>Policial penal Bonit\u00e3o foragido do Rio \u00e9 preso em Orlando pelos EUA. Investigado por tr\u00e1fico de drogas e negocia\u00e7\u00e3o indevida.<\/p>","protected":false},"author":4,"featured_media":25178,"comment_status":"open","ping_status":"open","sticky":false,"template":"","format":"standard","meta":{"_crdt_document":"","footnotes":""},"categories":[2],"tags":[],"class_list":["post-25182","post","type-post","status-publish","format-standard","has-post-thumbnail","hentry","category-internacional"],"brizy_media":[],"_links":{"self":[{"href":"https:\/\/jornalcorporativo.com.br\/en\/wp-json\/wp\/v2\/posts\/25182","targetHints":{"allow":["GET"]}}],"collection":[{"href":"https:\/\/jornalcorporativo.com.br\/en\/wp-json\/wp\/v2\/posts"}],"about":[{"href":"https:\/\/jornalcorporativo.com.br\/en\/wp-json\/wp\/v2\/types\/post"}],"author":[{"embeddable":true,"href":"https:\/\/jornalcorporativo.com.br\/en\/wp-json\/wp\/v2\/users\/4"}],"replies":[{"embeddable":true,"href":"https:\/\/jornalcorporativo.com.br\/en\/wp-json\/wp\/v2\/comments?post=25182"}],"version-history":[{"count":0,"href":"https:\/\/jornalcorporativo.com.br\/en\/wp-json\/wp\/v2\/posts\/25182\/revisions"}],"wp:featuredmedia":[{"embeddable":true,"href":"https:\/\/jornalcorporativo.com.br\/en\/wp-json\/wp\/v2\/media\/25178"}],"wp:attachment":[{"href":"https:\/\/jornalcorporativo.com.br\/en\/wp-json\/wp\/v2\/media?parent=25182"}],"wp:term":[{"taxonomy":"category","embeddable":true,"href":"https:\/\/jornalcorporativo.com.br\/en\/wp-json\/wp\/v2\/categories?post=25182"},{"taxonomy":"post_tag","embeddable":true,"href":"https:\/\/jornalcorporativo.com.br\/en\/wp-json\/wp\/v2\/tags?post=25182"}],"curies":[{"name":"wp","href":"https:\/\/api.w.org\/{rel}","templated":true}]}}