{"id":25183,"date":"2026-04-25T00:01:01","date_gmt":"2026-04-25T03:01:01","guid":{"rendered":"https:\/\/jornalcorporativo.com.br\/redacao\/exposicao-cartunistas-homenageia-mestres-humor-grafico-brasileiro-centro-cultural-fiesp\/"},"modified":"2026-04-25T00:01:01","modified_gmt":"2026-04-25T03:01:01","slug":"exposicao-cartunistas-homenageia-mestres-humor-grafico-brasileiro-centro-cultural-fiesp","status":"publish","type":"post","link":"https:\/\/jornalcorporativo.com.br\/en\/brasil\/exposicao-cartunistas-homenageia-mestres-humor-grafico-brasileiro-centro-cultural-fiesp\/","title":{"rendered":"Exposi\u00e7\u00e3o Cartunistas homenageia mestres do humor gr\u00e1fico brasileiro no Centro Cultural FIESP"},"content":{"rendered":"<h2>Uma celebra\u00e7\u00e3o visual do cartum brasileiro<\/h2>\n<p>A exposi\u00e7\u00e3o &#8220;Cartunistas&#8221;, uma produ\u00e7\u00e3o fotogr\u00e1fica do renomado fot\u00f3grafo Paulo Vitale, abre suas portas no dia 28 de abril no Centro Cultural FIESP, localizado na Avenida Paulista em S\u00e3o Paulo. O evento re\u00fane mais de 144 retratos de importantes nomes do cartum brasileiro, oferecendo ao p\u00fablico uma oportunidade \u00fanica de conhecer os rostos por tr\u00e1s das cria\u00e7\u00f5es que marcaram a hist\u00f3ria da imprensa e da cultura gr\u00e1fica nacional.<\/p>\n<p>Estes artistas utilizaram o humor e cr\u00edticas sociais como suas principais ferramentas de express\u00e3o, deixando um legado indel\u00e9vel na constru\u00e7\u00e3o da identidade cultural brasileira. A mostra apresenta tanto consagrados mestres quanto talentos emergentes, demonstrando a vitalidade e continuidade da tradi\u00e7\u00e3o carto\u00f4nistica no pa\u00eds.<\/p>\n<h2>Uma jornada pelas cidades brasileiras<\/h2>\n<p>Antes de chegar \u00e0 capital paulista, a exposi\u00e7\u00e3o j\u00e1 passou por importantes cidades do interior de S\u00e3o Paulo, incluindo Sorocaba, Rio Claro, S\u00e3o Jos\u00e9 do Rio Preto, Itapetininga e Campinas, acumulando mais de 40 mil visitantes. Esta trajet\u00f3ria demonstra o grande interesse do p\u00fablico brasileiro em conhecer a hist\u00f3ria e os personagens que moldaram o humor gr\u00e1fico nacional.<\/p>\n<p>Para esta montagem exclusiva em S\u00e3o Paulo, a curadoria apresenta mais de 20 fotos in\u00e9ditas que revelam o lado humano e criativo dos artistas. Al\u00e9m dos retratos fotogr\u00e1ficos, a exposi\u00e7\u00e3o complementa a experi\u00eancia com v\u00eddeos contendo depoimentos e making of dos ensaios, permitindo que o p\u00fablico mergulhe nos bastidores do processo criativo tanto de nomes consolidados quanto de novos talentos emergentes.<\/p>\n<h2>Artistas homenageados e gera\u00e7\u00f5es<\/h2>\n<p>Entre os homenageados encontram-se nomes ic\u00f4nicos como Maur\u00edcio de Sousa, criador da Turma da M\u00f4nica; Ziraldo, Jaguar, Angeli e Laerte. A mostra tamb\u00e9m valoriza a nova gera\u00e7\u00e3o de quadrinistas, incluindo artistas como Hel\u00f4 D&#8217;Angelo e Carlos Ruas, refor\u00e7ando a import\u00e2ncia de manter viva a tradi\u00e7\u00e3o carto\u00f4nistica brasileira com novas vozes e perspectivas.<\/p>\n<h2>Uma abordagem fotogr\u00e1fica inovadora<\/h2>\n<p>Sob curadoria de Eder Chiodetto, o espa\u00e7o expositivo foi cuidadosamente organizado para abrigar a totalidade dos retratos produzidos por Vitale. Uma caracter\u00edstica marcante desta exposi\u00e7\u00e3o \u00e9 a maneira como os cartunistas confrontam diretamente a c\u00e2mera, tornando o fot\u00f3grafo invis\u00edvel enquanto os retratados estabelecem contato visual direto com cada visitante. Esta estrat\u00e9gia cria uma rela\u00e7\u00e3o \u00edntima e imediata entre espectador e artistas, transformando a experi\u00eancia em algo profundamente pessoal.<\/p>\n<h2>Trajet\u00f3ria do fot\u00f3grafo Paulo Vitale<\/h2>\n<p>Paulo Vitale \u00e9 um fot\u00f3grafo com vasta experi\u00eancia no meio jornal\u00edstico e publicit\u00e1rio, tendo produzido mais de 100 capas publicadas nas principais revistas brasileiras. Sua carreira inclui atua\u00e7\u00e3o como fot\u00f3grafo e editor de fotografia do jornal O Estado de S\u00e3o Paulo, al\u00e9m de editor de fotografia das revistas Veja e \u00c9poca. Como correspondente da Ag\u00eancia Estado em Nova York, Vitale retratou personalidades de destaque mundial, incluindo Nelson Mandela, Oscar Niemeyer, Caetano Veloso, Mark Zuckerberg e Pel\u00e9.<\/p>\n<h2>Programa\u00e7\u00e3o e atividades especiais<\/h2>\n<p>A exposi\u00e7\u00e3o ser\u00e1 acompanhada por uma agenda rica de palestras, oficinas e performances que enriquecem a experi\u00eancia do visitante. Durante a abertura, no dia 28 de abril, o desenhista Ricardo Soares realizar\u00e1 caricaturas ao vivo das 13h \u00e0s 17h, com distribui\u00e7\u00e3o de senhas a partir das 12h30. No s\u00e1bado, dia 2 de maio, \u00e0s 14h, o cartunista Jos\u00e9 Alberto Lovetro apresentar\u00e1 uma palestra intitulada &#8220;Como utilizar quadrinhos na sala de aula&#8221;, voltada a educadores, pais e interessados em geral.<\/p>\n<h2>Informa\u00e7\u00f5es pr\u00e1ticas e visita\u00e7\u00e3o<\/h2>\n<p>A exposi\u00e7\u00e3o ficar\u00e1 em cartaz de 28 de abril a 20 de setembro, com visita\u00e7\u00e3o de ter\u00e7a a domingo, das 10h \u00e0s 20h. O Centro Cultural FIESP est\u00e1 localizado na Avenida Paulista, 1.313, em S\u00e3o Paulo. A entrada \u00e9 gratuita, tornando esta experi\u00eancia acess\u00edvel a todos que desejam mergulhar no universo dos cartunistas por meio da fotografia documental de qualidade. A programa\u00e7\u00e3o de atividades para os pr\u00f3ximos meses ser\u00e1 divulgada gradualmente, oferecendo oportunidades cont\u00ednuas para aprofundar o conhecimento sobre esta importante manifesta\u00e7\u00e3o da cultura brasileira.<\/p>","protected":false},"excerpt":{"rendered":"<p>Exposi\u00e7\u00e3o Cartunistas homenageia mestres do humor gr\u00e1fico brasileiro no Centro Cultural FIESP com 144 retratos de renomados cartunistas.<\/p>","protected":false},"author":4,"featured_media":25177,"comment_status":"open","ping_status":"open","sticky":false,"template":"","format":"standard","meta":{"_crdt_document":"","footnotes":""},"categories":[36],"tags":[],"class_list":["post-25183","post","type-post","status-publish","format-standard","has-post-thumbnail","hentry","category-brasil"],"brizy_media":[],"_links":{"self":[{"href":"https:\/\/jornalcorporativo.com.br\/en\/wp-json\/wp\/v2\/posts\/25183","targetHints":{"allow":["GET"]}}],"collection":[{"href":"https:\/\/jornalcorporativo.com.br\/en\/wp-json\/wp\/v2\/posts"}],"about":[{"href":"https:\/\/jornalcorporativo.com.br\/en\/wp-json\/wp\/v2\/types\/post"}],"author":[{"embeddable":true,"href":"https:\/\/jornalcorporativo.com.br\/en\/wp-json\/wp\/v2\/users\/4"}],"replies":[{"embeddable":true,"href":"https:\/\/jornalcorporativo.com.br\/en\/wp-json\/wp\/v2\/comments?post=25183"}],"version-history":[{"count":0,"href":"https:\/\/jornalcorporativo.com.br\/en\/wp-json\/wp\/v2\/posts\/25183\/revisions"}],"wp:featuredmedia":[{"embeddable":true,"href":"https:\/\/jornalcorporativo.com.br\/en\/wp-json\/wp\/v2\/media\/25177"}],"wp:attachment":[{"href":"https:\/\/jornalcorporativo.com.br\/en\/wp-json\/wp\/v2\/media?parent=25183"}],"wp:term":[{"taxonomy":"category","embeddable":true,"href":"https:\/\/jornalcorporativo.com.br\/en\/wp-json\/wp\/v2\/categories?post=25183"},{"taxonomy":"post_tag","embeddable":true,"href":"https:\/\/jornalcorporativo.com.br\/en\/wp-json\/wp\/v2\/tags?post=25183"}],"curies":[{"name":"wp","href":"https:\/\/api.w.org\/{rel}","templated":true}]}}