{"id":25187,"date":"2026-04-25T04:00:57","date_gmt":"2026-04-25T07:00:57","guid":{"rendered":"https:\/\/jornalcorporativo.com.br\/redacao\/filho-rob-reiner-fala-morte-pais-mundo-desmoronou\/"},"modified":"2026-04-25T04:00:57","modified_gmt":"2026-04-25T07:00:57","slug":"filho-rob-reiner-fala-morte-pais-mundo-desmoronou","status":"publish","type":"post","link":"https:\/\/jornalcorporativo.com.br\/en\/internacional\/filho-rob-reiner-fala-morte-pais-mundo-desmoronou\/","title":{"rendered":"Filho de Rob Reiner fala pela primeira vez sobre morte dos pais: &#8216;Meu mundo desmoronou&#8217;"},"content":{"rendered":"<h2>Um relato devastador do filho mais velho<\/h2>\n<p>Jake Reiner, ator e escritor, filho do renomado cineasta Rob Reiner e da fot\u00f3grafa Michele Reiner, compartilhou pela primeira vez seus sentimentos sobre a morte tr\u00e1gica de seus pais em um texto publicado na plataforma Substack. O relato emocional revela o impacto devastador que o crime causou em sua vida e na de sua fam\u00edlia.<\/p>\n<p>Rob e Michele Reiner foram encontrados mortos em sua mans\u00e3o no sul da Calif\u00f3rnia no dia 14 de dezembro do ano passado. Os investigadores identificaram Nick Reiner, irm\u00e3o mais jovem de Jake, como o principal suspeito do crime. Nick atualmente se encontra preso e enfrenta duas acusa\u00e7\u00f5es de homic\u00eddio em primeiro grau relacionadas \u00e0s mortes dos pais.<\/p>\n<h2>O momento que tudo mudou<\/h2>\n<p>No texto intitulado <strong>&#8220;Mom and dad&#8221; (M\u00e3e e pai)<\/strong>, Jake descreve detalhadamente o momento em que recebeu a not\u00edcia que mudaria sua vida para sempre. Ele estava celebrando a vida de um de seus melhores amigos, Christian Anderson, que havia falecido em outubro, quando sua irm\u00e3 Romy ligou comunicando a morte de seu pai.<\/p>\n<p>&#8220;Na tarde de 14 de dezembro, eu estava na Union Square em uma celebra\u00e7\u00e3o da vida de um dos meus melhores amigos, Christian Anderson, que morreu em outubro. Foi nesse momento que recebi uma liga\u00e7\u00e3o da minha irm\u00e3 Romy dizendo que nosso pai estava morto. Minutos depois, ela ligou novamente dizendo que nossa m\u00e3e tamb\u00e9m estava morta&#8221;, relatou Jake em seu depoimento emocional.<\/p>\n<h3>O trajeto imposs\u00edvel para casa<\/h3>\n<p>Jake descreve seu percurso at\u00e9 a casa dos pais como uma experi\u00eancia insuport\u00e1vel e angustiante. O jovem precisava chegar rapidamente ao local para compreender o que havia acontecido e estar com sua irm\u00e3 naquele momento terr\u00edvel.<\/p>\n<p>&#8220;Meu mundo, como eu o conhecia, tinha desmoronado&#8221;, escreveu Jake no texto. &#8220;Eu estava em transe. A \u00fanica coisa em que conseguia focar era que precisava chegar \u00e0 casa onde cresci. Eu precisava chegar at\u00e9 minha irm\u00e3. Eu precisava entender o que diabos tinha acabado de acontecer.&#8221;<\/p>\n<h2>Detalhes do caso criminal<\/h2>\n<p>Segundo informa\u00e7\u00f5es do m\u00e9dico legista, Rob e Michele Reiner morreram por &#8220;m\u00faltiplas les\u00f5es causadas por objeto cortante&#8221;. Nick Reiner foi preso aproximadamente seis horas ap\u00f3s as autoridades descobrirem os corpos do casal.<\/p>\n<p>Nick, que possui um hist\u00f3rico conhecido de depend\u00eancia qu\u00edmica, declarou-se inocente das acusa\u00e7\u00f5es. O promotor do condado de Los Angeles, Nathan J. Hochman, busca uma condena\u00e7\u00e3o por homic\u00eddio com &#8220;circunst\u00e2ncias especiais&#8221;, o que poderia tornar Nick eleg\u00edvel \u00e0 <strong>pena de morte ou pris\u00e3o perp\u00e9tua sem possibilidade de liberdade condicional<\/strong>.<\/p>\n<h3>Vivendo o pesadelo real<\/h3>\n<p>No texto publicado, Jake expressa a dificuldade cont\u00ednua em aceitar a realidade dos eventos. &#8220;\u00c9 devastador demais para compreender&#8221;, confessou ele. &#8220;Ainda acordo todas as manh\u00e3s tendo que me convencer de que, n\u00e3o, n\u00e3o \u00e9 um sonho. Este \u00e9 realmente o meu pesadelo real.&#8221;<\/p>\n<p>A pr\u00f3xima audi\u00eancia est\u00e1 agendada para 29 de abril, quando ser\u00e1 decidida a data da audi\u00eancia preliminar que determinar\u00e1 se h\u00e1 provas suficientes para que Nick enfrente julgamento formal pelas acusa\u00e7\u00f5es de homic\u00eddio.<\/p>\n<p>O caso permanece como um dos mais perturbadores a envolver uma fam\u00edlia de destaque em Hollywood, gerando aten\u00e7\u00e3o significativa da m\u00eddia e do p\u00fablico interessado em crimes de alta visibilidade.<\/p>","protected":false},"excerpt":{"rendered":"<p>Jake Reiner fala pela primeira vez sobre morte dos pais Rob e Michele. Irm\u00e3o preso enfrenta acusa\u00e7\u00e3o de homic\u00eddio em primeiro grau.<\/p>","protected":false},"author":4,"featured_media":25185,"comment_status":"open","ping_status":"open","sticky":false,"template":"","format":"standard","meta":{"_crdt_document":"","footnotes":""},"categories":[2],"tags":[],"class_list":["post-25187","post","type-post","status-publish","format-standard","has-post-thumbnail","hentry","category-internacional"],"brizy_media":[],"_links":{"self":[{"href":"https:\/\/jornalcorporativo.com.br\/en\/wp-json\/wp\/v2\/posts\/25187","targetHints":{"allow":["GET"]}}],"collection":[{"href":"https:\/\/jornalcorporativo.com.br\/en\/wp-json\/wp\/v2\/posts"}],"about":[{"href":"https:\/\/jornalcorporativo.com.br\/en\/wp-json\/wp\/v2\/types\/post"}],"author":[{"embeddable":true,"href":"https:\/\/jornalcorporativo.com.br\/en\/wp-json\/wp\/v2\/users\/4"}],"replies":[{"embeddable":true,"href":"https:\/\/jornalcorporativo.com.br\/en\/wp-json\/wp\/v2\/comments?post=25187"}],"version-history":[{"count":0,"href":"https:\/\/jornalcorporativo.com.br\/en\/wp-json\/wp\/v2\/posts\/25187\/revisions"}],"wp:featuredmedia":[{"embeddable":true,"href":"https:\/\/jornalcorporativo.com.br\/en\/wp-json\/wp\/v2\/media\/25185"}],"wp:attachment":[{"href":"https:\/\/jornalcorporativo.com.br\/en\/wp-json\/wp\/v2\/media?parent=25187"}],"wp:term":[{"taxonomy":"category","embeddable":true,"href":"https:\/\/jornalcorporativo.com.br\/en\/wp-json\/wp\/v2\/categories?post=25187"},{"taxonomy":"post_tag","embeddable":true,"href":"https:\/\/jornalcorporativo.com.br\/en\/wp-json\/wp\/v2\/tags?post=25187"}],"curies":[{"name":"wp","href":"https:\/\/api.w.org\/{rel}","templated":true}]}}