{"id":25192,"date":"2026-04-25T08:00:51","date_gmt":"2026-04-25T11:00:51","guid":{"rendered":"https:\/\/jornalcorporativo.com.br\/redacao\/petro-visita-venezuela-cooperacao-militar-delcy-mafias\/"},"modified":"2026-04-25T08:00:51","modified_gmt":"2026-04-25T11:00:51","slug":"petro-visita-venezuela-cooperacao-militar-delcy-mafias","status":"publish","type":"post","link":"https:\/\/jornalcorporativo.com.br\/en\/internacional\/petro-visita-venezuela-cooperacao-militar-delcy-mafias\/","title":{"rendered":"Petro visita Venezuela e anuncia coopera\u00e7\u00e3o militar com Delcy contra m\u00e1fias na fronteira"},"content":{"rendered":"<h2>Primeira visita de l\u00edder estrangeiro ap\u00f3s captura de Maduro<\/h2>\n<p>O presidente da Col\u00f4mbia, Gustavo Petro, realizou nesta sexta-feira uma visita hist\u00f3rica a Caracas, marcando o primeiro encontro de um l\u00edder estrangeiro com a presidente interina da Venezuela, Delcy Rodr\u00edguez, desde a captura do ex-presidente Nicol\u00e1s Maduro e da primeira-dama C\u00edlia Flores por tropas militares americanas em janeiro. O encontro no Pal\u00e1cio Miraflores foi cercado de simbolismo diplom\u00e1tico, especialmente considerando a posi\u00e7\u00e3o de Petro como figura simp\u00e1tica ao governo anterior e cr\u00edtico das opera\u00e7\u00f5es militares em solo venezuelano.<\/p>\n<h2>Acordo de coopera\u00e7\u00e3o militar contra atividades criminosas<\/h2>\n<p>Durante o encontro, os dois l\u00edderes anunciaram um acordo abrangente de coopera\u00e7\u00e3o militar e intelig\u00eancia para combater as organiza\u00e7\u00f5es criminosas que operam na porosa fronteira de 2,2 mil quil\u00f4metros entre os dois pa\u00edses. Delcy reafirmou o compromisso de ambas as na\u00e7\u00f5es em elaborar planos militares conjuntos e estabelecer mecanismos imediatos para compartilhamento de informa\u00e7\u00f5es e desenvolvimento de intelig\u00eancia destinados a fortalecer a seguran\u00e7a regional.<\/p>\n<p>Petro enfatizou que o <strong>esfor\u00e7o comum deve ser orientado para libertar os povos da fronteira<\/strong> das m\u00e1fias que lucram com diversas atividades econ\u00f4micas ilegais. O presidente colombiano citou especificamente o <strong>tr\u00e1fico de coca\u00edna<\/strong>, a <strong>minera\u00e7\u00e3o ilegal de ouro e terras raras<\/strong>, al\u00e9m do <strong>tr\u00e1fico de pessoas<\/strong>, como prioridades na agenda de seguran\u00e7a bilateral.<\/p>\n<h2>Agenda ampla de coopera\u00e7\u00e3o econ\u00f4mica e energ\u00e9tica<\/h2>\n<p>Al\u00e9m das quest\u00f5es de seguran\u00e7a fronteiri\u00e7a, os presidentes discutiram projetos de infraestrutura de grande relev\u00e2ncia para a regi\u00e3o. Um dos destaques foi o plano de <strong>interconex\u00e3o el\u00e9trica no oeste da Venezuela<\/strong>, regi\u00e3o que sofreu com racionamentos de energia na \u00faltima d\u00e9cada. Os l\u00edderes tamb\u00e9m abordaram perspectivas de uma <strong>interconex\u00e3o de g\u00e1s<\/strong> entre os pa\u00edses, buscando solucionar crises energ\u00e9ticas e impulsionar o desenvolvimento econ\u00f4mico regional.<\/p>\n<h2>Delcy busca normalizar rela\u00e7\u00f5es diplom\u00e1ticas ap\u00f3s crise<\/h2>\n<p>Elevada \u00e0 Presid\u00eancia ap\u00f3s a queda de Maduro, Delcy Rodriguez, que era vice-presidente, tem trabalhado para contornar a crise gerada pela interven\u00e7\u00e3o americana por via diplom\u00e1tica. Ela j\u00e1 retomou rela\u00e7\u00f5es com Washington e promoveu reformas jur\u00eddicas voltadas a facilitar investimento privado e estrangeiro nos setores de petr\u00f3leo, g\u00e1s e minera\u00e7\u00e3o. Durante a reuni\u00e3o, a presidente interina reiterou seu agradecimento a Petro pelo apoio demonstrado ap\u00f3s o ataque americano, destacando-o como uma das primeiras figuras pol\u00edticas a expressar solidariedade.<\/p>\n<h2>Contexto da visita e seguran\u00e7a bilateral<\/h2>\n<p>A seguran\u00e7a da fronteira compartilhada j\u00e1 havia sido anunciada como ponto central da agenda de Petro em Caracas. Uma reuni\u00e3o entre os dois l\u00edderes estava prevista para meados de mar\u00e7o na parte colombiana da fronteira, mas foi cancelada de \u00faltima hora por motivos de seguran\u00e7a. Esta visita oficial representa, portanto, um avan\u00e7o significativo nas rela\u00e7\u00f5es bilaterais e na coopera\u00e7\u00e3o entre as duas na\u00e7\u00f5es em um momento cr\u00edtico de transi\u00e7\u00e3o pol\u00edtica e estabiliza\u00e7\u00e3o na regi\u00e3o.<\/p>","protected":false},"excerpt":{"rendered":"<p>Petro visita Venezuela e anuncia coopera\u00e7\u00e3o militar com Delcy contra m\u00e1fias na fronteira compartilhada entre os pa\u00edses.<\/p>","protected":false},"author":4,"featured_media":25189,"comment_status":"open","ping_status":"open","sticky":false,"template":"","format":"standard","meta":{"_crdt_document":"","footnotes":""},"categories":[2],"tags":[],"class_list":["post-25192","post","type-post","status-publish","format-standard","has-post-thumbnail","hentry","category-internacional"],"brizy_media":[],"_links":{"self":[{"href":"https:\/\/jornalcorporativo.com.br\/en\/wp-json\/wp\/v2\/posts\/25192","targetHints":{"allow":["GET"]}}],"collection":[{"href":"https:\/\/jornalcorporativo.com.br\/en\/wp-json\/wp\/v2\/posts"}],"about":[{"href":"https:\/\/jornalcorporativo.com.br\/en\/wp-json\/wp\/v2\/types\/post"}],"author":[{"embeddable":true,"href":"https:\/\/jornalcorporativo.com.br\/en\/wp-json\/wp\/v2\/users\/4"}],"replies":[{"embeddable":true,"href":"https:\/\/jornalcorporativo.com.br\/en\/wp-json\/wp\/v2\/comments?post=25192"}],"version-history":[{"count":0,"href":"https:\/\/jornalcorporativo.com.br\/en\/wp-json\/wp\/v2\/posts\/25192\/revisions"}],"wp:featuredmedia":[{"embeddable":true,"href":"https:\/\/jornalcorporativo.com.br\/en\/wp-json\/wp\/v2\/media\/25189"}],"wp:attachment":[{"href":"https:\/\/jornalcorporativo.com.br\/en\/wp-json\/wp\/v2\/media?parent=25192"}],"wp:term":[{"taxonomy":"category","embeddable":true,"href":"https:\/\/jornalcorporativo.com.br\/en\/wp-json\/wp\/v2\/categories?post=25192"},{"taxonomy":"post_tag","embeddable":true,"href":"https:\/\/jornalcorporativo.com.br\/en\/wp-json\/wp\/v2\/tags?post=25192"}],"curies":[{"name":"wp","href":"https:\/\/api.w.org\/{rel}","templated":true}]}}