{"id":25193,"date":"2026-04-25T08:00:51","date_gmt":"2026-04-25T11:00:51","guid":{"rendered":"https:\/\/jornalcorporativo.com.br\/redacao\/botafogo-pede-reconsideracao-afastamento-john-textor-saf\/"},"modified":"2026-04-25T08:00:51","modified_gmt":"2026-04-25T11:00:51","slug":"botafogo-pede-reconsideracao-afastamento-john-textor-saf","status":"publish","type":"post","link":"https:\/\/jornalcorporativo.com.br\/en\/brasil\/botafogo-pede-reconsideracao-afastamento-john-textor-saf\/","title":{"rendered":"Botafogo apresenta pedido de reconsidera\u00e7\u00e3o contra afastamento preventivo de John Textor da SAF"},"content":{"rendered":"<h2>Botafogo busca reverter decis\u00e3o arbitral sobre John Textor<\/h2>\n<p>A Sociedade An\u00f4nima do Futebol (SAF) do Botafogo protocolou, nesta sexta-feira, um <strong>pedido formal de reconsidera\u00e7\u00e3o<\/strong> \u00e0 C\u00e2mara de Media\u00e7\u00e3o e Arbitragem da Funda\u00e7\u00e3o Getulio Vargas (FGV). O requerimento contesta a decis\u00e3o que determinou o <strong>afastamento preventivo de John Textor<\/strong> da administra\u00e7\u00e3o do clube-empresa, movimento que gerou repercuss\u00e3o significativa no cen\u00e1rio futebol\u00edstico carioca.<\/p>\n<h2>Detalhes da a\u00e7\u00e3o judicial<\/h2>\n<p>A documenta\u00e7\u00e3o apresentada pela SAF do Botafogo representa uma tentativa de reverter a medida cautelar que suspendeu Textor de suas fun\u00e7\u00f5es administrativas na entidade. O clube argumenta que a decis\u00e3o carece de fundamenta\u00e7\u00e3o adequada e prejudica a continuidade operacional da organiza\u00e7\u00e3o durante um per\u00edodo cr\u00edtico de sua administra\u00e7\u00e3o.<\/p>\n<h3>Assembleia agendada para segunda-feira<\/h3>\n<p>Junto ao pedido de reconsidera\u00e7\u00e3o, a SAF botafoguense solicitou formalmente que a assembleia de acionistas, originalmente marcada para segunda-feira, 27 de abril, seja <strong>restaurada \u00e0 agenda<\/strong> de reuni\u00f5es. Este evento representa um momento crucial para discuss\u00e3o das quest\u00f5es administrativas da institui\u00e7\u00e3o e delibera\u00e7\u00e3o sobre mat\u00e9rias de interesse coletivo dos s\u00f3cios.<\/p>\n<h2>Contexto do afastamento preventivo<\/h2>\n<p>O afastamento preventivo de John Textor da SAF do Botafogo ocorreu em meio a processos arbitrais que envolvem quest\u00f5es de governan\u00e7a corporativa. A medida, embora de natureza preventiva, gerou preocupa\u00e7\u00f5es entre investidores e partes interessadas quanto aos impactos operacionais imediatos para a institui\u00e7\u00e3o.<\/p>\n<h3>Implica\u00e7\u00f5es para o clube<\/h3>\n<p>Este conflito administrativo emerge num momento sens\u00edvel para o Botafogo, que busca consolidar sua estrutura de gest\u00e3o profissional atrav\u00e9s do modelo de SAF. A continuidade das opera\u00e7\u00f5es e a manuten\u00e7\u00e3o da confian\u00e7a de investidores constituem prioridades estrat\u00e9gicas para a organiza\u00e7\u00e3o durante este per\u00edodo de incerteza jur\u00eddica.<\/p>\n<p>A decis\u00e3o da C\u00e2mara de Media\u00e7\u00e3o e Arbitragem da FGV sobre o pedido de reconsidera\u00e7\u00e3o ser\u00e1 determinante para definir os pr\u00f3ximos passos da administra\u00e7\u00e3o do clube e a realiza\u00e7\u00e3o das atividades ordin\u00e1rios da entidade nos pr\u00f3ximos meses.<\/p>","protected":false},"excerpt":{"rendered":"<p>Botafogo pede reconsidera\u00e7\u00e3o contra afastamento de John Textor da SAF. Assembleia agendada para 27 de abril tamb\u00e9m \u00e9 solicitada.<\/p>","protected":false},"author":4,"featured_media":25190,"comment_status":"open","ping_status":"open","sticky":false,"template":"","format":"standard","meta":{"_crdt_document":"","footnotes":""},"categories":[36],"tags":[],"class_list":["post-25193","post","type-post","status-publish","format-standard","has-post-thumbnail","hentry","category-brasil"],"brizy_media":[],"_links":{"self":[{"href":"https:\/\/jornalcorporativo.com.br\/en\/wp-json\/wp\/v2\/posts\/25193","targetHints":{"allow":["GET"]}}],"collection":[{"href":"https:\/\/jornalcorporativo.com.br\/en\/wp-json\/wp\/v2\/posts"}],"about":[{"href":"https:\/\/jornalcorporativo.com.br\/en\/wp-json\/wp\/v2\/types\/post"}],"author":[{"embeddable":true,"href":"https:\/\/jornalcorporativo.com.br\/en\/wp-json\/wp\/v2\/users\/4"}],"replies":[{"embeddable":true,"href":"https:\/\/jornalcorporativo.com.br\/en\/wp-json\/wp\/v2\/comments?post=25193"}],"version-history":[{"count":0,"href":"https:\/\/jornalcorporativo.com.br\/en\/wp-json\/wp\/v2\/posts\/25193\/revisions"}],"wp:featuredmedia":[{"embeddable":true,"href":"https:\/\/jornalcorporativo.com.br\/en\/wp-json\/wp\/v2\/media\/25190"}],"wp:attachment":[{"href":"https:\/\/jornalcorporativo.com.br\/en\/wp-json\/wp\/v2\/media?parent=25193"}],"wp:term":[{"taxonomy":"category","embeddable":true,"href":"https:\/\/jornalcorporativo.com.br\/en\/wp-json\/wp\/v2\/categories?post=25193"},{"taxonomy":"post_tag","embeddable":true,"href":"https:\/\/jornalcorporativo.com.br\/en\/wp-json\/wp\/v2\/tags?post=25193"}],"curies":[{"name":"wp","href":"https:\/\/api.w.org\/{rel}","templated":true}]}}