{"id":25211,"date":"2026-04-25T20:01:11","date_gmt":"2026-04-25T23:01:11","guid":{"rendered":"https:\/\/jornalcorporativo.com.br\/redacao\/leticea-cazarre-coach-apoio-juliano-polemica\/"},"modified":"2026-04-25T20:01:11","modified_gmt":"2026-04-25T23:01:11","slug":"leticea-cazarre-coach-apoio-juliano-polemica","status":"publish","type":"post","link":"https:\/\/jornalcorporativo.com.br\/en\/empreendedorismo\/leticea-cazarre-coach-apoio-juliano-polemica\/","title":{"rendered":"Let\u00edcia Cazarr\u00e9: Conhe\u00e7a a Coach que Apoia Juliano em Meio \u00e0 Pol\u00eamica do Summit"},"content":{"rendered":"<h2>Quem \u00e9 Let\u00edcia Cazarr\u00e9?<\/h2>\n<p>Let\u00edcia Cazarr\u00e9 \u00e9 uma coach e mentora que ganhou visibilidade por seu trabalho na \u00e1rea de desenvolvimento pessoal e profissional. Com presen\u00e7a ativa nas redes sociais, onde concentra milhares de seguidores engajados, ela compartilha regularmente conte\u00fados focados em reinven\u00e7\u00e3o, prop\u00f3sito de vida e organiza\u00e7\u00e3o da rotina cotidiana. Sua atua\u00e7\u00e3o profissional se desdobra em diferentes frentes, todas alinhadas \u00e0 sua filosofia de transforma\u00e7\u00e3o pessoal.<\/p>\n<h2>The Way Mentoria: O Programa Anual para Mulheres<\/h2>\n<p>Um dos principais projetos de Let\u00edcia Cazarr\u00e9 \u00e9 <strong>The Way Mentoria<\/strong>, um programa anual estruturado especificamente voltado ao p\u00fablico feminino. Este programa oferece acompanhamento personalizado e cont\u00ednuo com o objetivo de alinhar os aspectos vida pessoal, profissional e interior de suas participantes. Segundo a descri\u00e7\u00e3o oficial da plataforma, o programa conduz as mulheres em uma aut\u00eantica <strong>jornada de transforma\u00e7\u00e3o<\/strong> que integra essas tr\u00eas dimens\u00f5es fundamentais, com foco particular em prop\u00f3sito de vida e otimiza\u00e7\u00e3o da gest\u00e3o do tempo.<\/p>\n<h2>A Filosofia dos Tr\u00eas Pilares<\/h2>\n<p>Let\u00edcia desenvolveu o que denomina <strong>filosofia dos tr\u00eas pilares<\/strong>, um modelo estruturado em torno de tr\u00eas dimens\u00f5es essenciais da vida humana. O primeiro pilar, a dimens\u00e3o pessoal, aborda quest\u00f5es relacionadas a relacionamentos interpessoais e vida social. O segundo pilar, a dimens\u00e3o profissional, trata especificamente da atua\u00e7\u00e3o no trabalho, seja dentro ou fora de casa, sempre em conson\u00e2ncia com valores pessoais e prop\u00f3sito de vida. O terceiro pilar, a dimens\u00e3o interior, prop\u00f5e o desenvolvimento cont\u00ednuo de resili\u00eancia, autoconfian\u00e7a e equil\u00edbrio emocional para enfrentar os desafios da vida.<\/p>\n<h2>Podcast Vai por Mim: Reflex\u00e3o Multidisciplinar<\/h2>\n<p>Al\u00e9m de seus programas de mentoria, Let\u00edcia Cazarr\u00e9 apresenta o podcast <strong>Vai por Mim<\/strong>, plataforma onde aborda temas variados ligados a comportamento, filosofia, cultura e desenvolvimento pessoal. O programa se caracteriza por uma abordagem multidisciplinar, priorizando a reflex\u00e3o cr\u00edtica e profunda sobre quest\u00f5es contempor\u00e2neas e dilemas pessoais.<\/p>\n<h2>Apoio a Juliano Cazarr\u00e9 Diante da Pol\u00eamica<\/h2>\n<p>Apesar da repercuss\u00e3o negativa e das cr\u00edticas de atrizes mulheres direcionadas ao evento <strong>O Farol e a Forja<\/strong>, organizado por seu marido Juliano Cazarr\u00e9, Let\u00edcia segue firme em seu apoio. Em v\u00eddeo publicado no Instagram, ela comentou sobre a situa\u00e7\u00e3o com uma perspectiva pragm\u00e1tica, afirmando que o engajamento espont\u00e2neo gerado pelas discuss\u00f5es em torno do summit dispensou grande parte do esfor\u00e7o de divulga\u00e7\u00e3o que o casal precisaria investir. Nesta ocasi\u00e3o, ela mencionou estar <strong>sofrendo com as repercuss\u00f5es<\/strong> do evento, mas demonstrou otimismo quanto aos resultados alcan\u00e7ados, permitindo que ambos pudessem descansar mais durante o per\u00edodo em que estavam recolhidos na fazenda.<\/p>\n<p>Essa postura de Let\u00edcia ilustra seu papel n\u00e3o apenas como coach e mentora profissional, mas tamb\u00e9m como companheira que busca manter perspectiva e equil\u00edbrio emocional em situa\u00e7\u00f5es desafiadoras, princ\u00edpios que ela pr\u00f3pria promove atrav\u00e9s de seus trabalhos e conte\u00fados nas redes sociais.<\/p>","protected":false},"excerpt":{"rendered":"<p>Conhe\u00e7a Let\u00edcia Cazarr\u00e9, coach e mentora que apoia Juliano Cazarr\u00e9. Descubra sua filosofia dos tr\u00eas pilares e programas de desenvolvimento pessoal.<\/p>","protected":false},"author":4,"featured_media":25206,"comment_status":"open","ping_status":"open","sticky":false,"template":"","format":"standard","meta":{"_crdt_document":"","footnotes":""},"categories":[308],"tags":[],"class_list":["post-25211","post","type-post","status-publish","format-standard","has-post-thumbnail","hentry","category-empreendedorismo"],"brizy_media":[],"_links":{"self":[{"href":"https:\/\/jornalcorporativo.com.br\/en\/wp-json\/wp\/v2\/posts\/25211","targetHints":{"allow":["GET"]}}],"collection":[{"href":"https:\/\/jornalcorporativo.com.br\/en\/wp-json\/wp\/v2\/posts"}],"about":[{"href":"https:\/\/jornalcorporativo.com.br\/en\/wp-json\/wp\/v2\/types\/post"}],"author":[{"embeddable":true,"href":"https:\/\/jornalcorporativo.com.br\/en\/wp-json\/wp\/v2\/users\/4"}],"replies":[{"embeddable":true,"href":"https:\/\/jornalcorporativo.com.br\/en\/wp-json\/wp\/v2\/comments?post=25211"}],"version-history":[{"count":0,"href":"https:\/\/jornalcorporativo.com.br\/en\/wp-json\/wp\/v2\/posts\/25211\/revisions"}],"wp:featuredmedia":[{"embeddable":true,"href":"https:\/\/jornalcorporativo.com.br\/en\/wp-json\/wp\/v2\/media\/25206"}],"wp:attachment":[{"href":"https:\/\/jornalcorporativo.com.br\/en\/wp-json\/wp\/v2\/media?parent=25211"}],"wp:term":[{"taxonomy":"category","embeddable":true,"href":"https:\/\/jornalcorporativo.com.br\/en\/wp-json\/wp\/v2\/categories?post=25211"},{"taxonomy":"post_tag","embeddable":true,"href":"https:\/\/jornalcorporativo.com.br\/en\/wp-json\/wp\/v2\/tags?post=25211"}],"curies":[{"name":"wp","href":"https:\/\/api.w.org\/{rel}","templated":true}]}}