{"id":25214,"date":"2026-04-25T20:01:12","date_gmt":"2026-04-25T23:01:12","guid":{"rendered":"https:\/\/jornalcorporativo.com.br\/redacao\/previsao-tempo-fim-semana-rio-calor-mar-caribenho\/"},"modified":"2026-04-25T20:01:12","modified_gmt":"2026-04-25T23:01:12","slug":"previsao-tempo-fim-semana-rio-calor-mar-caribenho","status":"publish","type":"post","link":"https:\/\/jornalcorporativo.com.br\/en\/brasil\/previsao-tempo-fim-semana-rio-calor-mar-caribenho\/","title":{"rendered":"Fim de semana no Rio ter\u00e1 calor intenso e mar caribenho: veja a previs\u00e3o completa"},"content":{"rendered":"<h2>Previs\u00e3o de tempo firme e calor para o fim de semana no Rio<\/h2>\n<p>O fim do feriad\u00e3o de S\u00e3o Jorge promete ser marcado por tempo firme e calor intenso na cidade do Rio de Janeiro. Segundo informa\u00e7\u00f5es do Centro de Opera\u00e7\u00f5es do Rio, n\u00e3o h\u00e1 previs\u00e3o de chuvas at\u00e9 a pr\u00f3xima segunda-feira, garantindo dias ensolarados para quem deseja aproveitar as praias e atividades ao ar livre.<\/p>\n<p>No s\u00e1bado, os term\u00f4metros devem marcar varia\u00e7\u00f5es entre <strong>16\u00b0C a 35\u00b0C<\/strong>, enquanto no domingo as temperaturas podem alcan\u00e7ar entre <strong>20\u00b0C a 37\u00b0C<\/strong>. J\u00e1 no in\u00edcio da pr\u00f3xima semana, h\u00e1 possibilidade de chuva fraca no final da tarde de segunda-feira, por\u00e9m o intervalo de temperaturas deve permanecer est\u00e1vel nos pr\u00f3ximos dias.<\/p>\n<h2>Cuidados com a baixa umidade do ar<\/h2>\n<p>Um aspecto importante a considerar \u00e9 que a umidade relativa do ar poder\u00e1 atingir valores entre <strong>21% e 30%<\/strong> em alguns pontos da cidade. Especialistas alertam sobre os riscos dessa baixa umidade e recomendam medidas preventivas essenciais, como <strong>aumentar a ingest\u00e3o de \u00e1gua<\/strong>, evitar realizar exerc\u00edcios f\u00edsicos intensos entre 10h e 16h, usar soro fisiol\u00f3gico no nariz e olhos para evitar ressecamento, aplicar protetor solar adequado, manter os ambientes arejados e n\u00e3o queimar lixo ou mato.<\/p>\n<h2>O fen\u00f4meno do mar caribenho no Rio<\/h2>\n<p>Quem decidiu aproveitar o feriad\u00e3o de S\u00e3o Jorge para visitar as praias do Rio se surpreendeu com o espet\u00e1culo visual proporcionado pelo <strong>mar caribenho<\/strong>. Esse fen\u00f4meno t\u00edpico dessa \u00e9poca do ano \u00e9 fruto principalmente da estiagem na cidade, que deixa a \u00e1gua mais limpa, clara e cristalina, gerando imagens impressionantes que viralizaram nas redes sociais nos \u00faltimos dias.<\/p>\n<p>Segundo o Instituto Estadual do Meio Ambiente (Inea), apenas tr\u00eas praias n\u00e3o est\u00e3o balne\u00e1veis na capital carioca. Gabriel Caetano, Gerente de An\u00e1lises Laboratoriais do Inea, explica que <strong>a estiagem \u00e9 a principal respons\u00e1vel pela mudan\u00e7a na tonalidade da \u00e1gua<\/strong>. Os dados do Alerta Rio mostram que a \u00faltima vez que choveu na cidade foi na segunda-feira anterior, registrando apenas chuva fraca e isolada em pontos como a Urca (2,4 mm) e Alto da Boa Vista (1 mm).<\/p>\n<h3>Como a falta de chuva afeta a qualidade da \u00e1gua<\/h3>\n<p>Durante per\u00edodos de estiagem, as \u00e1guas do mar ficam mais claras porque n\u00e3o h\u00e1 chuva lavando a cidade e carregando sujeira e polui\u00e7\u00e3o para o oceano. O mar possui a capacidade natural de tratar essa polui\u00e7\u00e3o atrav\u00e9s do vento, da mar\u00e9 e da correnteza, que contribuem para a maior autodepura\u00e7\u00e3o do corpo d&#8217;\u00e1gua. Portanto, a aus\u00eancia de chuvas neste per\u00edodo permite que a \u00e1gua mantenha sua transpar\u00eancia caracter\u00edstica.<\/p>\n<h2>Status das praias do Rio de Janeiro<\/h2>\n<p>O Inea realiza an\u00e1lises semanais sobre a balneabilidade das praias fluminenses. Na cidade do Rio, apenas <strong>tr\u00eas das 22 praias n\u00e3o est\u00e3o recomendadas para o banho<\/strong>: Barra de Guaratiba, Pontal de Sepetiba e Botafogo. Na Barra da Tijuca, tamb\u00e9m n\u00e3o \u00e9 aconselhado se banhar na altura do 2\u00ba Grupamento Mar\u00edtimo dos Bombeiros e no Quebra-Mar, em frente \u00e0 rua Sargento Jo\u00e3o de Faria.<\/p>\n<p>A classifica\u00e7\u00e3o de pr\u00f3pria ou impr\u00f3pria de um trecho de praia segue o estabelecido em resolu\u00e7\u00e3o do Conselho de Meio Ambiente e leva em considera\u00e7\u00e3o o resultado bacteriol\u00f3gico de concentra\u00e7\u00e3o de enterococos. Al\u00e9m das chuvas recentes, a localiza\u00e7\u00e3o geogr\u00e1fica e o des\u00e1gue de rios e canais tamb\u00e9m contribuem para a balneabilidade das praias.<\/p>\n<h3>A import\u00e2ncia da an\u00e1lise microbiol\u00f3gica<\/h3>\n<p>\u00c9 fundamental compreender que <strong>o mar cristalino n\u00e3o est\u00e1 automaticamente balne\u00e1vel<\/strong>. A an\u00e1lise microbiol\u00f3gica \u00e9 essencial para confirmar a seguran\u00e7a do local para banho. Pode acontecer de a \u00e1gua estar com contamina\u00e7\u00e3o fecal acima dos limites toler\u00e1veis, mesmo com apar\u00eancia cristalina. Portanto, \u00e9 recomend\u00e1vel verificar os locais autorizados antes de entrar na \u00e1gua.<\/p>\n<h2>Temperaturas vari\u00e1veis durante a sexta-feira<\/h2>\n<p>Durante a sexta-feira anterior, a temperatura na cidade variou significativamente, marcando <strong>16,2\u00b0C durante a madrugada no Alto da Boa Vista<\/strong>, a menor temperatura do m\u00eas registrada at\u00e9 ent\u00e3o, e alcan\u00e7ando <strong>32,7\u00b0C em Santa Cruz<\/strong>. Essa varia\u00e7\u00e3o demonstra a amplitude t\u00e9rmica caracter\u00edstica do per\u00edodo.<\/p>\n<h2>Registro extraordin\u00e1rio em Arraial do Cabo<\/h2>\n<p>Em Arraial do Cabo, na Regi\u00e3o dos Lagos, um registro extraordin\u00e1rio viralizou nas redes sociais. O fot\u00f3grafo Ari Kaye conseguiu filmar um tubar\u00e3o-baleia fugindo de uma rede de pesca artesanal colocada no mar. Ele estava acompanhando pescadores tradicionais quando presenciou o animal se movendo em dire\u00e7\u00e3o \u00e0 costa, provavelmente para se alimentar de um grande cardume ali presente. O registro foi descrito como &#8220;a filmagem da vida&#8221; de Kaye, marcado por momentos de tens\u00e3o enquanto torciam para que o animal conseguisse se soltar sem que a rede ficasse presa. Essa esp\u00e9cie tem sido vista com frequ\u00eancia em Arraial do Cabo, e na semana anterior outro animal da mesma esp\u00e9cie tamb\u00e9m havia ficado em situa\u00e7\u00e3o similar.<\/p>","protected":false},"excerpt":{"rendered":"<p>Confira a previs\u00e3o do tempo para o fim de semana no Rio: calor intenso, mar caribenho e cuidados com baixa umidade. Detalhes aqui!<\/p>","protected":false},"author":4,"featured_media":25209,"comment_status":"open","ping_status":"open","sticky":false,"template":"","format":"standard","meta":{"_crdt_document":"","footnotes":""},"categories":[36],"tags":[],"class_list":["post-25214","post","type-post","status-publish","format-standard","has-post-thumbnail","hentry","category-brasil"],"brizy_media":[],"_links":{"self":[{"href":"https:\/\/jornalcorporativo.com.br\/en\/wp-json\/wp\/v2\/posts\/25214","targetHints":{"allow":["GET"]}}],"collection":[{"href":"https:\/\/jornalcorporativo.com.br\/en\/wp-json\/wp\/v2\/posts"}],"about":[{"href":"https:\/\/jornalcorporativo.com.br\/en\/wp-json\/wp\/v2\/types\/post"}],"author":[{"embeddable":true,"href":"https:\/\/jornalcorporativo.com.br\/en\/wp-json\/wp\/v2\/users\/4"}],"replies":[{"embeddable":true,"href":"https:\/\/jornalcorporativo.com.br\/en\/wp-json\/wp\/v2\/comments?post=25214"}],"version-history":[{"count":0,"href":"https:\/\/jornalcorporativo.com.br\/en\/wp-json\/wp\/v2\/posts\/25214\/revisions"}],"wp:featuredmedia":[{"embeddable":true,"href":"https:\/\/jornalcorporativo.com.br\/en\/wp-json\/wp\/v2\/media\/25209"}],"wp:attachment":[{"href":"https:\/\/jornalcorporativo.com.br\/en\/wp-json\/wp\/v2\/media?parent=25214"}],"wp:term":[{"taxonomy":"category","embeddable":true,"href":"https:\/\/jornalcorporativo.com.br\/en\/wp-json\/wp\/v2\/categories?post=25214"},{"taxonomy":"post_tag","embeddable":true,"href":"https:\/\/jornalcorporativo.com.br\/en\/wp-json\/wp\/v2\/tags?post=25214"}],"curies":[{"name":"wp","href":"https:\/\/api.w.org\/{rel}","templated":true}]}}