{"id":25220,"date":"2026-04-26T00:01:33","date_gmt":"2026-04-26T03:01:33","guid":{"rendered":"https:\/\/jornalcorporativo.com.br\/redacao\/hm-abre-loja-rio-janeiro-stella-mccartney\/"},"modified":"2026-04-26T00:01:33","modified_gmt":"2026-04-26T03:01:33","slug":"hm-abre-loja-rio-janeiro-stella-mccartney","status":"publish","type":"post","link":"https:\/\/jornalcorporativo.com.br\/en\/economia\/hm-abre-loja-rio-janeiro-stella-mccartney\/","title":{"rendered":"H&amp;M abre primeira loja no Rio de Janeiro e lan\u00e7a segunda cole\u00e7\u00e3o com Stella McCartney"},"content":{"rendered":"<h2>H&amp;M chega ao Rio com loja no RioSul e prepara lan\u00e7amento exclusivo<\/h2>\n<p>A gigante sueca do varejo H&amp;M expande sua presen\u00e7a no Brasil ao inaugurar sua primeira loja na cidade do Rio de Janeiro neste s\u00e1bado, dia 25, no shopping RioSul. A abertura marca um momento importante para a marca internacional que desembarcou no pa\u00eds no ano passado, consolidando sua estrat\u00e9gia de crescimento no mercado brasileiro de moda.<\/p>\n<p>Daniel Erv\u00e9r, CEO do H&amp;M Group, expressa entusiasmo com a entrada no mercado carioca: &#8220;Depois do lan\u00e7amento bem-sucedido em S\u00e3o Paulo e on-line, estamos animados para conhecer os consumidores de moda do Rio&#8221;. A loja j\u00e1 disponibiliza as cole\u00e7\u00f5es de outono tanto para o p\u00fablico feminino quanto masculino, oferecendo variedade e tend\u00eancias atuais.<\/p>\n<h2>Segunda colabora\u00e7\u00e3o entre Stella McCartney e H&amp;M chega em julho<\/h2>\n<p>Em um movimento estrat\u00e9gico no mercado de fast fashion sustent\u00e1vel, a segunda colabora\u00e7\u00e3o entre a renomada designer brit\u00e2nica Stella McCartney e a H&amp;M ser\u00e1 lan\u00e7ada no dia 7 de julho. Esta parceria marca o retorno da estilista \u00e0 rede de varejo, sendo a primeira colabora\u00e7\u00e3o em duas d\u00e9cadas.<\/p>\n<h3>Sustentabilidade como prioridade na nova cole\u00e7\u00e3o<\/h3>\n<p>A cole\u00e7\u00e3o revisita os \u00faltimos 25 anos de carreira criativa de Stella McCartney, reunindo <strong>58 itens exclusivos entre roupas e acess\u00f3rios<\/strong>. A estilista reafirma seu compromisso com pr\u00e1ticas sustent\u00e1veis: &#8220;Quero que o p\u00fablico mais jovem e diverso tenha acesso \u00e0s minhas pe\u00e7as. Odeio o fato de que trabalhar de forma sustent\u00e1vel signifique pre\u00e7os mais altos&#8221;.<\/p>\n<p>Diferentemente da primeira colabora\u00e7\u00e3o em 2005, quando a designer imp\u00f4s rigorosas exig\u00eancias de sustentabilidade, esta nova cole\u00e7\u00e3o avan\u00e7a ainda mais em responsabilidade ambiental. Os materiais utilizados incluem <strong>algod\u00e3o org\u00e2nico certificado, metal e vidro reciclados, l\u00e3 certificada e inovador couro sint\u00e9tico produzido a partir de res\u00edduos de palha e \u00f3leo vegetal<\/strong>.<\/p>\n<h3>Pre\u00e7os acess\u00edveis e variados<\/h3>\n<p>A proposta da parceria \u00e9 democratizar o acesso \u00e0 moda de designer sustent\u00e1vel. Os pre\u00e7os da cole\u00e7\u00e3o variam de R$ 199 a R$ 1.899, permitindo que diferentes perfis de consumidores possam adquirir pe\u00e7as da renomada estilista.<\/p>\n<h2>Experi\u00eancias adicionais e atividades no Rio<\/h2>\n<p>Al\u00e9m da loja no RioSul, a H&amp;M tamb\u00e9m abriu um quiosque estrat\u00e9gico no Posto 9, na famosa Praia de Ipanema, aumentando sua visibilidade no destino tur\u00edstico mais ic\u00f4nico da cidade. A programa\u00e7\u00e3o de eventos e atividades se estende at\u00e9 o dia 17.<\/p>\n<p>Como diferencial competitivo, o programa de fidelidade Clube H&amp;M oferecer\u00e1 <strong>aulas gr\u00e1tis de esportes ao ar livre<\/strong> para seus participantes durante a programa\u00e7\u00e3o especial. Esta iniciativa combina varejo com bem-estar, alinhando a marca com tend\u00eancias contempor\u00e2neas de lifestyle e comunidade.<\/p>\n<p>A expans\u00e3o da H&amp;M no Rio de Janeiro reflete a confian\u00e7a da marca no potencial do mercado brasileiro de moda, enquanto a colabora\u00e7\u00e3o com Stella McCartney posiciona a companhia como intermedi\u00e1ria entre o luxo sustent\u00e1vel e o acesso democr\u00e1tico ao design de qualidade.<\/p>","protected":false},"excerpt":{"rendered":"<p>H&amp;M abre primeira loja no Rio e lan\u00e7a segunda cole\u00e7\u00e3o com Stella McCartney focada em sustentabilidade e moda acess\u00edvel<\/p>","protected":false},"author":4,"featured_media":25216,"comment_status":"open","ping_status":"open","sticky":false,"template":"","format":"standard","meta":{"_crdt_document":"","footnotes":""},"categories":[4],"tags":[],"class_list":["post-25220","post","type-post","status-publish","format-standard","has-post-thumbnail","hentry","category-economia"],"brizy_media":[],"_links":{"self":[{"href":"https:\/\/jornalcorporativo.com.br\/en\/wp-json\/wp\/v2\/posts\/25220","targetHints":{"allow":["GET"]}}],"collection":[{"href":"https:\/\/jornalcorporativo.com.br\/en\/wp-json\/wp\/v2\/posts"}],"about":[{"href":"https:\/\/jornalcorporativo.com.br\/en\/wp-json\/wp\/v2\/types\/post"}],"author":[{"embeddable":true,"href":"https:\/\/jornalcorporativo.com.br\/en\/wp-json\/wp\/v2\/users\/4"}],"replies":[{"embeddable":true,"href":"https:\/\/jornalcorporativo.com.br\/en\/wp-json\/wp\/v2\/comments?post=25220"}],"version-history":[{"count":0,"href":"https:\/\/jornalcorporativo.com.br\/en\/wp-json\/wp\/v2\/posts\/25220\/revisions"}],"wp:featuredmedia":[{"embeddable":true,"href":"https:\/\/jornalcorporativo.com.br\/en\/wp-json\/wp\/v2\/media\/25216"}],"wp:attachment":[{"href":"https:\/\/jornalcorporativo.com.br\/en\/wp-json\/wp\/v2\/media?parent=25220"}],"wp:term":[{"taxonomy":"category","embeddable":true,"href":"https:\/\/jornalcorporativo.com.br\/en\/wp-json\/wp\/v2\/categories?post=25220"},{"taxonomy":"post_tag","embeddable":true,"href":"https:\/\/jornalcorporativo.com.br\/en\/wp-json\/wp\/v2\/tags?post=25220"}],"curies":[{"name":"wp","href":"https:\/\/api.w.org\/{rel}","templated":true}]}}