{"id":25235,"date":"2026-04-26T08:01:05","date_gmt":"2026-04-26T11:01:05","guid":{"rendered":"https:\/\/jornalcorporativo.com.br\/redacao\/imagem-lobo-ia-prisao-coreia-sul\/"},"modified":"2026-04-26T08:01:05","modified_gmt":"2026-04-26T11:01:05","slug":"imagem-lobo-ia-prisao-coreia-sul","status":"publish","type":"post","link":"https:\/\/jornalcorporativo.com.br\/en\/internacional\/imagem-lobo-ia-prisao-coreia-sul\/","title":{"rendered":"Imagem de Lobo Criada com IA Causa P\u00e2nico na Coreia do Sul e Resulta em Pris\u00e3o"},"content":{"rendered":"<h2>Falsa Imagem de IA Desencadeia Opera\u00e7\u00e3o de Resgate Massiva<\/h2>\n<p>A pol\u00edcia sul-coreana efetuou a pris\u00e3o de um homem na \u00faltima sexta-feira ap\u00f3s a divulga\u00e7\u00e3o de uma imagem de lobo gerada por intelig\u00eancia artificial que circulou amplamente nas redes sociais. A fotografia, acompanhada de informa\u00e7\u00f5es falsas sobre uma fuga de zool\u00f3gico, desencadeou uma opera\u00e7\u00e3o fren\u00e9tica de buscas que mobilizou centenas de profissionais de seguran\u00e7a.<\/p>\n<h2>O Caso do Lobo Neukgu<\/h2>\n<p>O animal em quest\u00e3o \u00e9 um lobo macho chamado Neukgu, com apenas dois anos de idade, que escapou de seu recinto ao cavar um buraco na cidade de Daejeon, localizada no centro da Coreia do Sul. O incidente ocorreu em 8 de abril, e o animal permaneceu foragido por <strong>nove dias consecutivos<\/strong> antes de ser finalmente recapturado.<\/p>\n<h3>Mobiliza\u00e7\u00e3o Massiva de Recursos<\/h3>\n<p>A fuga do lobo desencadeou uma das maiores opera\u00e7\u00f5es de resgate do pa\u00eds. O governo municipal e importantes ve\u00edculos de m\u00eddia compartilharam uma imagem que supostamente mostrava o lobo de colora\u00e7\u00e3o marrom clara transitando tranquilamente por um cruzamento da cidade. Essa fotografia circulou amplamente pela internet, intensificando o p\u00e2nico entre a popula\u00e7\u00e3o local.<\/p>\n<p>As autoridades mobilizaram centenas de bombeiros, policiais e militares na busca pelo animal. Al\u00e9m disso, utilizaram tecnologia avan\u00e7ada como <strong>drones e c\u00e2meras t\u00e9rmicas<\/strong> para rastrear Neukgu, que pesa aproximadamente 30 quilos. A fuga resultou no fechamento de uma escola prim\u00e1ria local como medida de seguran\u00e7a preventiva.<\/p>\n<h2>A Descoberta da Manipula\u00e7\u00e3o Digital<\/h2>\n<p>An\u00e1lises posteriores revelaram um detalhe crucial: <strong>a imagem viral era completamente falsa<\/strong>. A fotografia havia sido criada utilizando tecnologia de intelig\u00eancia artificial generativa, n\u00e3o representando um avistamento real do animal. A Pol\u00edcia Metropolitana de Daejeon confirmou que prendeu um homem na faixa dos 40 anos sob acusa\u00e7\u00e3o de obstru\u00e7\u00e3o de fun\u00e7\u00e3o p\u00fablica por meio de engano.<\/p>\n<h3>Confiss\u00e3o e Motiva\u00e7\u00e3o<\/h3>\n<p>Durante o interrogat\u00f3rio, o suspeito admitiu as acusa\u00e7\u00f5es, revelando que havia criado e compartilhado a imagem falsa <strong>&#8220;apenas por divers\u00e3o&#8221;<\/strong>. As autoridades ressaltaram que essa a\u00e7\u00e3o irrespons\u00e1vel teve consequ\u00eancias graves para a opera\u00e7\u00e3o de seguran\u00e7a p\u00fablica.<\/p>\n<h2>Impacto e Consequ\u00eancias da Desinforma\u00e7\u00e3o<\/h2>\n<p>Segundo declara\u00e7\u00e3o oficial da pol\u00edcia: <strong>&#8220;Uma \u00fanica imagem manipulada por IA atrasou a captura do lobo em at\u00e9 nove dias&#8221;<\/strong>. Esse atraso comprometeu significativamente a efici\u00eancia das opera\u00e7\u00f5es de resgate e desviou recursos que deveriam estar dedicados a outras fun\u00e7\u00f5es cr\u00edticas de prote\u00e7\u00e3o p\u00fablica.<\/p>\n<p>A mobiliza\u00e7\u00e3o prolongada de policiais e bombeiros causou interrup\u00e7\u00e3o substancial em suas atividades rotineiras de seguran\u00e7a comunit\u00e1ria. O lobo foi finalmente recapturado em 17 de abril, ap\u00f3s as autoridades receberem uma den\u00fancia confi\u00e1vel sobre um avistamento em um parque local.<\/p>\n<h2>Verifica\u00e7\u00e3o de Fatos e Responsabilidade da M\u00eddia<\/h2>\n<p>A ag\u00eancia de not\u00edcias AFP realizou an\u00e1lise posterior que confirmou a autenticidade falsa da imagem gerada por IA. A ag\u00eancia havia inicialmente redistribu\u00eddo o material, mas prontamente o removeu ap\u00f3s confirma\u00e7\u00e3o da manipula\u00e7\u00e3o. Este incidente destaca a import\u00e2ncia cr\u00edtica da verifica\u00e7\u00e3o de fatos em era de tecnologia de IA avan\u00e7ada.<\/p>\n<p>O caso sul-coreano serve como alerta para sociedades enfrentando crescente sofistica\u00e7\u00e3o em cria\u00e7\u00e3o de conte\u00fado manipulado, ressaltando necessidade de verifica\u00e7\u00e3o rigorosa antes da dissemina\u00e7\u00e3o de informa\u00e7\u00f5es potencialmente sensacionalistas.<\/p>","protected":false},"excerpt":{"rendered":"<p>Homem preso na Coreia do Sul por divulgar falsa imagem de lobo criada com IA. Saiba como desinforma\u00e7\u00e3o atrasou resgate em 9 dias.<\/p>","protected":false},"author":4,"featured_media":25231,"comment_status":"open","ping_status":"open","sticky":false,"template":"","format":"standard","meta":{"_crdt_document":"","footnotes":""},"categories":[2],"tags":[],"class_list":["post-25235","post","type-post","status-publish","format-standard","has-post-thumbnail","hentry","category-internacional"],"brizy_media":[],"_links":{"self":[{"href":"https:\/\/jornalcorporativo.com.br\/en\/wp-json\/wp\/v2\/posts\/25235","targetHints":{"allow":["GET"]}}],"collection":[{"href":"https:\/\/jornalcorporativo.com.br\/en\/wp-json\/wp\/v2\/posts"}],"about":[{"href":"https:\/\/jornalcorporativo.com.br\/en\/wp-json\/wp\/v2\/types\/post"}],"author":[{"embeddable":true,"href":"https:\/\/jornalcorporativo.com.br\/en\/wp-json\/wp\/v2\/users\/4"}],"replies":[{"embeddable":true,"href":"https:\/\/jornalcorporativo.com.br\/en\/wp-json\/wp\/v2\/comments?post=25235"}],"version-history":[{"count":0,"href":"https:\/\/jornalcorporativo.com.br\/en\/wp-json\/wp\/v2\/posts\/25235\/revisions"}],"wp:featuredmedia":[{"embeddable":true,"href":"https:\/\/jornalcorporativo.com.br\/en\/wp-json\/wp\/v2\/media\/25231"}],"wp:attachment":[{"href":"https:\/\/jornalcorporativo.com.br\/en\/wp-json\/wp\/v2\/media?parent=25235"}],"wp:term":[{"taxonomy":"category","embeddable":true,"href":"https:\/\/jornalcorporativo.com.br\/en\/wp-json\/wp\/v2\/categories?post=25235"},{"taxonomy":"post_tag","embeddable":true,"href":"https:\/\/jornalcorporativo.com.br\/en\/wp-json\/wp\/v2\/tags?post=25235"}],"curies":[{"name":"wp","href":"https:\/\/api.w.org\/{rel}","templated":true}]}}