{"id":25245,"date":"2026-04-26T16:01:03","date_gmt":"2026-04-26T19:01:03","guid":{"rendered":"https:\/\/jornalcorporativo.com.br\/redacao\/machado-de-assis-objetos-ineditos-ccbb-rio-janeiro\/"},"modified":"2026-04-26T16:01:03","modified_gmt":"2026-04-26T19:01:03","slug":"machado-de-assis-objetos-ineditos-ccbb-rio-janeiro","status":"publish","type":"post","link":"https:\/\/jornalcorporativo.com.br\/en\/educacao\/machado-de-assis-objetos-ineditos-ccbb-rio-janeiro\/","title":{"rendered":"Machado de Assis: Objetos Hist\u00f3ricos In\u00e9ditos Expostos no CCBB do Rio de Janeiro"},"content":{"rendered":"<h2>Uma Janela para a Vida do Maior Escritor Brasileiro<\/h2>\n<p>Pela primeira vez na hist\u00f3ria, o p\u00fablico brasileiro ter\u00e1 a oportunidade de conhecer pessoalmente objetos que pertenceram a Machado de Assis (1839-1908), uma das figuras mais emblem\u00e1ticas da literatura nacional. A exposi\u00e7\u00e3o &#8220;Caminhos de Machado&#8221; chega ao Centro Cultural Banco do Brasil (CCBB) localizado no Rio de Janeiro, marcando o dia 28 de maio como data de abertura desse evento cultural sem precedentes.<\/p>\n<p>A mostra representa um marco significativo para estudiosos da literatura brasileira, pesquisadores e admiradores da obra do escritor que revolucionou as letras nacionais com suas narrativas inovadoras e personagens profundamente humanos. Entre os itens que ser\u00e3o expostos pela primeira vez ao grande p\u00fablico, destacam-se pe\u00e7as de mobili\u00e1rio que fizeram parte do cotidiano de Machado, incluindo uma cadeira e uma escrivaninha que testemunharam o processo criativo de obras-primas como &#8220;Dom Casmurro&#8221;, &#8220;Mem\u00f3rias P\u00f3stumas de Br\u00e1s Cubas&#8221; e &#8220;Quincas Borba&#8221;.<\/p>\n<h2>A Import\u00e2ncia Hist\u00f3rica e Cultural da Exposi\u00e7\u00e3o<\/h2>\n<p>Esta iniciativa do CCBB vai al\u00e9m de uma simples exibi\u00e7\u00e3o de artefatos hist\u00f3ricos. Trata-se de uma oportunidade singular de estabelecer uma conex\u00e3o tang\u00edvel entre os leitores contempor\u00e2neos e o universo criativo de Machado de Assis, permitindo que as novas gera\u00e7\u00f5es compreendam melhor o contexto em que viveu um dos maiores g\u00eanios liter\u00e1rios da l\u00edngua portuguesa.<\/p>\n<p>A exposi\u00e7\u00e3o &#8220;Caminhos de Machado&#8221; promete oferecer uma experi\u00eancia imersiva, transportando visitantes atrav\u00e9s das diferentes fases da vida e obra do escritor. Cada objeto exposto carrega em si uma hist\u00f3ria, uma mem\u00f3ria que conecta diretamente o p\u00fablico aos momentos em que Machado concebeu suas obras imortais.<\/p>\n<h2>Acesso e Informa\u00e7\u00f5es Pr\u00e1ticas<\/h2>\n<p>O CCBB do Rio de Janeiro abre suas portas para recepcionar visitantes interessados em explorar essa retrospectiva \u00fanica. A exposi\u00e7\u00e3o representa um esfor\u00e7o institucional de democratiza\u00e7\u00e3o do acesso cultural, permitindo que brasileiros de diferentes regi\u00f5es e contextos sociais possam apreciar esses artefatos hist\u00f3ricos de inestim\u00e1vel valor.<\/p>\n<p>Para os entusiastas da literatura brasileira, acad\u00eamicos e curiosos em geral, essa \u00e9 uma ocasi\u00e3o especial para aprofundar o conhecimento sobre a vida pessoal de Machado de Assis, compreendendo como seu ambiente dom\u00e9stico e seus h\u00e1bitos cotidianos influenciaram a cria\u00e7\u00e3o de sua obra extraordin\u00e1ria. A presen\u00e7a f\u00edsica desses objetos oferece uma dimens\u00e3o sensorial que fotografias e documentos n\u00e3o conseguem transmitir completamente.<\/p>\n<h2>O Legado de Machado de Assis na Cultura Brasileira<\/h2>\n<p>Machado de Assis permanece como figura central na hist\u00f3ria da literatura brasileira, influenciando gera\u00e7\u00f5es subsequentes de escritores e pensadores. Sua obra continua sendo estudada em escolas, universidades e em c\u00edrculos intelectuais ao redor do mundo, consolidando seu status como um dos maiores escritores da l\u00edngua portuguesa.<\/p>\n<p>A realiza\u00e7\u00e3o dessa exposi\u00e7\u00e3o no CCBB reafirma o compromisso das institui\u00e7\u00f5es culturais brasileiras em preservar e celebrar a mem\u00f3ria dos grandes nomes que moldaram nossa identidade cultural. Pela primeira vez reunindo esses objetos in\u00e9ditos, a mostra promete ser um evento imprescind\u00edvel para todos aqueles que desejam aprofundar sua compreens\u00e3o sobre a vida e obra desse escritor extraordin\u00e1rio.<\/p>","protected":false},"excerpt":{"rendered":"<p>Exposi\u00e7\u00e3o in\u00e9dita de objetos pessoais de Machado de Assis abre no CCBB Rio em 28 de maio. Conhe\u00e7a cadeira, escrivaninha e rel\u00edquias hist\u00f3ricas.<\/p>","protected":false},"author":4,"featured_media":25240,"comment_status":"open","ping_status":"open","sticky":false,"template":"","format":"standard","meta":{"_crdt_document":"","footnotes":""},"categories":[38],"tags":[],"class_list":["post-25245","post","type-post","status-publish","format-standard","has-post-thumbnail","hentry","category-educacao"],"brizy_media":[],"_links":{"self":[{"href":"https:\/\/jornalcorporativo.com.br\/en\/wp-json\/wp\/v2\/posts\/25245","targetHints":{"allow":["GET"]}}],"collection":[{"href":"https:\/\/jornalcorporativo.com.br\/en\/wp-json\/wp\/v2\/posts"}],"about":[{"href":"https:\/\/jornalcorporativo.com.br\/en\/wp-json\/wp\/v2\/types\/post"}],"author":[{"embeddable":true,"href":"https:\/\/jornalcorporativo.com.br\/en\/wp-json\/wp\/v2\/users\/4"}],"replies":[{"embeddable":true,"href":"https:\/\/jornalcorporativo.com.br\/en\/wp-json\/wp\/v2\/comments?post=25245"}],"version-history":[{"count":0,"href":"https:\/\/jornalcorporativo.com.br\/en\/wp-json\/wp\/v2\/posts\/25245\/revisions"}],"wp:featuredmedia":[{"embeddable":true,"href":"https:\/\/jornalcorporativo.com.br\/en\/wp-json\/wp\/v2\/media\/25240"}],"wp:attachment":[{"href":"https:\/\/jornalcorporativo.com.br\/en\/wp-json\/wp\/v2\/media?parent=25245"}],"wp:term":[{"taxonomy":"category","embeddable":true,"href":"https:\/\/jornalcorporativo.com.br\/en\/wp-json\/wp\/v2\/categories?post=25245"},{"taxonomy":"post_tag","embeddable":true,"href":"https:\/\/jornalcorporativo.com.br\/en\/wp-json\/wp\/v2\/tags?post=25245"}],"curies":[{"name":"wp","href":"https:\/\/api.w.org\/{rel}","templated":true}]}}