{"id":25246,"date":"2026-04-26T16:01:03","date_gmt":"2026-04-26T19:01:03","guid":{"rendered":"https:\/\/jornalcorporativo.com.br\/redacao\/documentario-leaving-neverland-removido-streaming-polemica\/"},"modified":"2026-04-26T16:01:03","modified_gmt":"2026-04-26T19:01:03","slug":"documentario-leaving-neverland-removido-streaming-polemica","status":"publish","type":"post","link":"https:\/\/jornalcorporativo.com.br\/en\/noticias\/documentario-leaving-neverland-removido-streaming-polemica\/","title":{"rendered":"Por que o document\u00e1rio &#8216;Leaving Neverland&#8217; foi removido do streaming: entenda a pol\u00eamica"},"content":{"rendered":"<h2>A controv\u00e9rsia por tr\u00e1s da remo\u00e7\u00e3o do document\u00e1rio<\/h2>\n<p>O document\u00e1rio &#8216;Leaving Neverland&#8217; (2019), que aborda acusa\u00e7\u00f5es de abuso sexual infantil contra Michael Jackson, foi removido das plataformas de streaming da HBO ap\u00f3s uma decis\u00e3o judicial significativa. A retirada do filme gerou intenso debate sobre liberdade de express\u00e3o, responsabilidade hist\u00f3rica e a forma como a m\u00eddia aborda alega\u00e7\u00f5es graves contra figuras p\u00fablicas.<\/p>\n<p>Os herdeiros de Michael Jackson processaram a HBO alegando que o document\u00e1rio violava uma cl\u00e1usula de confidencialidade estabelecida em 1992 entre o cantor e a emissora. Ap\u00f3s a a\u00e7\u00e3o legal, a HBO concordou em remover o filme de suas plataformas em um acordo amig\u00e1vel, permitindo que o document\u00e1rio desaparecesse do acesso p\u00fablico em servi\u00e7os de streaming.<\/p>\n<h2>A perspectiva do diretor Dan Reed<\/h2>\n<p>Dan Reed, diretor de &#8216;Leaving Neverland&#8217;, expressou seu descontentamento com a situa\u00e7\u00e3o e levantou questionamentos fundamentais sobre como hist\u00f3rias aut\u00eanticas devem ser contadas. Em entrevistas recentes, Reed argumentou que \u00e9 imposs\u00edvel narrar a hist\u00f3ria de Michael Jackson sem abordar as acusa\u00e7\u00f5es s\u00e9rias de abuso sexual infantil contra ele.<\/p>\n<p>Reed defendeu ardorosamente os acusadores Wade Robson e James Safechuck, ressaltando que ambos iniciaram processos judiciais sem perspectiva de ganho financeiro imediato. Segundo o diretor, as pessoas frequentemente n\u00e3o entendem que v\u00edtimas em processos judiciais s\u00f3 recebem indeniza\u00e7\u00f5es ap\u00f3s comprovarem seus casos em tribunal.<\/p>\n<h2>Cr\u00edticas \u00e0 cinebiografia &#8216;Michael&#8217;<\/h2>\n<p>O lan\u00e7amento da cinebiografia &#8216;Michael&#8217;, dirigida por Antoine Fuqua, intensificou a discuss\u00e3o. Reed condenou o filme por n\u00e3o mencionar as acusa\u00e7\u00f5es contra o cantor, questionando como \u00e9 poss\u00edvel contar uma hist\u00f3ria verdadeira sobre Jackson ignorando completamente essas alega\u00e7\u00f5es documentadas.<\/p>\n<p>Reed tamb\u00e9m criticou Fuqua por sugerir que as acusa\u00e7\u00f5es foram motivadas por ganho financeiro, apontando a ironia de acusar outras pessoas de interesse monet\u00e1rio enquanto trabalha em um projeto lucrativo. Para Reed, todos os envolvidos na cinebiografia est\u00e3o beneficiando financeiramente do legado de Jackson, inclusive seus herdeiros.<\/p>\n<h2>O hist\u00f3rico de acusa\u00e7\u00f5es contra Michael Jackson<\/h2>\n<p>As acusa\u00e7\u00f5es contra Michael Jackson remontam a 1993, quando Jordan Chandler, ent\u00e3o com 13 anos, o acusou de abuso sexual. Jackson negou as acusa\u00e7\u00f5es e chegou a um acordo extrajudicial de mais de 20 milh\u00f5es de d\u00f3lares com a fam\u00edlia de Chandler. Investiga\u00e7\u00f5es das autoridades n\u00e3o encontraram provas incriminat\u00f3rias suficientes para processos criminais.<\/p>\n<p>Em 2003, Jackson foi preso sob acusa\u00e7\u00f5es de abuso sexual infantil relacionadas a Gavin Arvizo, filho de um ex-funcion\u00e1rio. O cantor foi indiciado por 10 crimes, mas foi absolvido de todas as acusa\u00e7\u00f5es em junho de 2005.<\/p>\n<p>Ap\u00f3s a morte de Jackson em 2009, os acusadores Wade Robson e James Safechuck apresentaram processos judiciais em 2013 e 2014, respectivamente, alegando anos de abuso sexual. Um juiz rejeitou ambos os casos por quest\u00f5es t\u00e9cnicas em 2017, sem avaliar a credibilidade das acusa\u00e7\u00f5es.<\/p>\n<h2>A quest\u00e3o da mem\u00f3ria cultural e responsabilidade<\/h2>\n<p>A remo\u00e7\u00e3o de &#8216;Leaving Neverland&#8217; levanta quest\u00f5es profundas sobre como a sociedade lida com figuras p\u00fablicas acusadas de crimes graves. Reed argumenta que muitas pessoas ignoram completamente as acusa\u00e7\u00f5es contra Jackson, preferindo celebrar sua m\u00fasica e legado art\u00edstico sem confrontar as alega\u00e7\u00f5es de abuso.<\/p>\n<p>O diretor critica a m\u00eddia por n\u00e3o reconhecer adequadamente essas acusa\u00e7\u00f5es, sugerindo que a m\u00e1quina comercial de Jackson, combinada com o poder financeiro de seu esp\u00f3lio, desestimula cr\u00edticas p\u00fablicas. Para Reed, h\u00e1 significativo interesse econ\u00f4mico em manter uma narrativa positiva sobre o cantor entre a ind\u00fastria do entretenimento.<\/p>","protected":false},"excerpt":{"rendered":"<p>Entenda por que &#8216;Leaving Neverland&#8217; foi removido do streaming e a pol\u00eamica sobre as acusa\u00e7\u00f5es contra Michael Jackson<\/p>","protected":false},"author":4,"featured_media":25241,"comment_status":"open","ping_status":"open","sticky":false,"template":"","format":"standard","meta":{"_crdt_document":"","footnotes":""},"categories":[269],"tags":[],"class_list":["post-25246","post","type-post","status-publish","format-standard","has-post-thumbnail","hentry","category-noticias"],"brizy_media":[],"_links":{"self":[{"href":"https:\/\/jornalcorporativo.com.br\/en\/wp-json\/wp\/v2\/posts\/25246","targetHints":{"allow":["GET"]}}],"collection":[{"href":"https:\/\/jornalcorporativo.com.br\/en\/wp-json\/wp\/v2\/posts"}],"about":[{"href":"https:\/\/jornalcorporativo.com.br\/en\/wp-json\/wp\/v2\/types\/post"}],"author":[{"embeddable":true,"href":"https:\/\/jornalcorporativo.com.br\/en\/wp-json\/wp\/v2\/users\/4"}],"replies":[{"embeddable":true,"href":"https:\/\/jornalcorporativo.com.br\/en\/wp-json\/wp\/v2\/comments?post=25246"}],"version-history":[{"count":0,"href":"https:\/\/jornalcorporativo.com.br\/en\/wp-json\/wp\/v2\/posts\/25246\/revisions"}],"wp:featuredmedia":[{"embeddable":true,"href":"https:\/\/jornalcorporativo.com.br\/en\/wp-json\/wp\/v2\/media\/25241"}],"wp:attachment":[{"href":"https:\/\/jornalcorporativo.com.br\/en\/wp-json\/wp\/v2\/media?parent=25246"}],"wp:term":[{"taxonomy":"category","embeddable":true,"href":"https:\/\/jornalcorporativo.com.br\/en\/wp-json\/wp\/v2\/categories?post=25246"},{"taxonomy":"post_tag","embeddable":true,"href":"https:\/\/jornalcorporativo.com.br\/en\/wp-json\/wp\/v2\/tags?post=25246"}],"curies":[{"name":"wp","href":"https:\/\/api.w.org\/{rel}","templated":true}]}}