{"id":25248,"date":"2026-04-26T16:01:03","date_gmt":"2026-04-26T19:01:03","guid":{"rendered":"https:\/\/jornalcorporativo.com.br\/redacao\/mariana-rosa-viraliza-violencia-psicologica-relacionamentos-abusivos\/"},"modified":"2026-04-26T16:01:03","modified_gmt":"2026-04-26T19:01:03","slug":"mariana-rosa-viraliza-violencia-psicologica-relacionamentos-abusivos","status":"publish","type":"post","link":"https:\/\/jornalcorporativo.com.br\/en\/noticias\/mariana-rosa-viraliza-violencia-psicologica-relacionamentos-abusivos\/","title":{"rendered":"Mariana Rosa viraliza ao denunciar viol\u00eancia psicol\u00f3gica em relacionamentos abusivos com s\u00e9rie viral no Instagram"},"content":{"rendered":"<p>A atriz e roteirista ga\u00facha Mariana Rosa, de 38 anos, conquistou a internet com uma s\u00e9rie de v\u00eddeos impactantes no Instagram que abordam a viol\u00eancia psicol\u00f3gica em relacionamentos abusivos. Com uma estrat\u00e9gia criativa e perturbadora, ela interpreta r\u00f3tulos frequentemente impostos \u00e0s mulheres, como &#8220;louca&#8221;, &#8220;burra&#8221; e &#8220;vagabunda&#8221;, descrevendo cada situa\u00e7\u00e3o atrav\u00e9s da perspectiva do &#8220;marido Jorge&#8221;, um personagem que encarna o agressor.<\/p>\n<p>Os esquetes curtos apresentam situa\u00e7\u00f5es absurdas que ressoam profundamente com mulheres que vivenciaram ou presenciam din\u00e2micas t\u00f3xicas. Durante cada v\u00eddeo, Mariana se maqueia gradualmente, e a progress\u00e3o visual reflete a transforma\u00e7\u00e3o da autoimagem distorcida causada pela viol\u00eancia psicol\u00f3gica. A sombra roxa espalhada nas p\u00e1lpebras e o batom borrado funcionam como met\u00e1fora poderosa do impacto emocional desses relacionamentos.<\/p>\n<h2>O Fen\u00f4meno Viral e N\u00fameros Impressionantes<\/h2>\n<p>O primeiro v\u00eddeo da s\u00e9rie foi publicado em 2021, mas foi em mar\u00e7o, m\u00eas de conscientiza\u00e7\u00e3o sobre os direitos das mulheres, que Mariana decidiu retomar o projeto. Impactada pelos acontecimentos recentes relacionados \u00e0 viol\u00eancia de g\u00eanero, a atriz redescobriu sua s\u00e9rie com novas perspectivas. O resultado superou todas as expectativas: em apenas um m\u00eas, Mariana aumentou de 11 mil para mais de 340 mil seguidores, acumulando impressionantes 30 milh\u00f5es de visualiza\u00e7\u00f5es.<\/p>\n<p>&#8220;Gerou uma identifica\u00e7\u00e3o muito forte&#8221;, relata Mariana. &#8220;H\u00e1 situa\u00e7\u00f5es que vivi pessoalmente e outras que est\u00e3o circulando por a\u00ed. As pr\u00f3prias seguidoras come\u00e7aram a revelar suas experi\u00eancias nos coment\u00e1rios e a sugerir novos temas para abordar. Virou uma comunidade de apoio e reconhecimento m\u00fatuo&#8221;, complementa.<\/p>\n<h2>Do Digital ao Palco: A Pe\u00e7a Teatral<\/h2>\n<p>O sucesso viral impulsionou Mariana para um novo desafio. A atriz est\u00e1 preparando o mon\u00f3logo intitulado &#8220;Quando eu era mulher&#8221;, que ser\u00e1 estreado no dia 28 de maio no Teatro Est\u00fadio, em S\u00e3o Paulo. O texto, assinado por Mariana Rosa, foi cuidadosamente redigido a partir dos relatos compartilhados por suas seguidoras nas redes sociais. &#8220;Quero que a mulherada aprenda a reconhecer os &#8216;Jorges&#8217; em suas vidas&#8221;, afirma com determina\u00e7\u00e3o.<\/p>\n<h2>Valida\u00e7\u00e3o de Especialistas<\/h2>\n<p>A repercuss\u00e3o n\u00e3o passa despercebida por profissionais que trabalham com quest\u00f5es de g\u00eanero e sa\u00fade mental. Gabriela Manssur, advogada especialista em direitos das mulheres, avalia que os v\u00eddeos &#8220;v\u00e3o muito al\u00e9m do entretenimento&#8221;. Segundo ela, o trabalho de Mariana &#8220;ajuda o p\u00fablico feminino a romper ciclos de viol\u00eancia que, se n\u00e3o identificados adequadamente, podem evoluir para formas muito mais graves de abuso&#8221;.<\/p>\n<p>A psic\u00f3loga Marta Monteiro concorda com a avalia\u00e7\u00e3o. &#8220;Mariana tira da normalidade os relacionamentos abusivos que acontecem com tanta frequ\u00eancia em nossa sociedade. Com a autoestima abalada, as mulheres costumam perder completamente sua autorrefer\u00eancia e capacidade de julgamento&#8221;, analisa. &#8220;Ela joga luz sobre a realidade deturpada criada pelos agressores&#8221;, conclui.<\/p>\n<h3>Impacto Social e Conscientiza\u00e7\u00e3o<\/h3>\n<p>O trabalho de Mariana Rosa representa um momento crucial na conversa p\u00fablica sobre relacionamentos abusivos. Ao transformar experi\u00eancias pessoais e de suas seguidoras em arte, ela cria um espa\u00e7o seguro para que mulheres se reconhe\u00e7am em padr\u00f5es prejudiciais. A combina\u00e7\u00e3o entre humor, dramatiza\u00e7\u00e3o e realidade oferece uma ferramenta poderosa para educa\u00e7\u00e3o e conscientiza\u00e7\u00e3o sobre din\u00e2micas abusivas que muitas vezes passam despercebidas ou s\u00e3o normalizadas.<\/p>","protected":false},"excerpt":{"rendered":"<p>Mariana Rosa viraliza com v\u00eddeos sobre viol\u00eancia psicol\u00f3gica em relacionamentos. Atriz prepara mon\u00f3logo com relatos de seguidoras.<\/p>","protected":false},"author":4,"featured_media":25243,"comment_status":"open","ping_status":"open","sticky":false,"template":"","format":"standard","meta":{"_crdt_document":"","footnotes":""},"categories":[269],"tags":[],"class_list":["post-25248","post","type-post","status-publish","format-standard","has-post-thumbnail","hentry","category-noticias"],"brizy_media":[],"_links":{"self":[{"href":"https:\/\/jornalcorporativo.com.br\/en\/wp-json\/wp\/v2\/posts\/25248","targetHints":{"allow":["GET"]}}],"collection":[{"href":"https:\/\/jornalcorporativo.com.br\/en\/wp-json\/wp\/v2\/posts"}],"about":[{"href":"https:\/\/jornalcorporativo.com.br\/en\/wp-json\/wp\/v2\/types\/post"}],"author":[{"embeddable":true,"href":"https:\/\/jornalcorporativo.com.br\/en\/wp-json\/wp\/v2\/users\/4"}],"replies":[{"embeddable":true,"href":"https:\/\/jornalcorporativo.com.br\/en\/wp-json\/wp\/v2\/comments?post=25248"}],"version-history":[{"count":0,"href":"https:\/\/jornalcorporativo.com.br\/en\/wp-json\/wp\/v2\/posts\/25248\/revisions"}],"wp:featuredmedia":[{"embeddable":true,"href":"https:\/\/jornalcorporativo.com.br\/en\/wp-json\/wp\/v2\/media\/25243"}],"wp:attachment":[{"href":"https:\/\/jornalcorporativo.com.br\/en\/wp-json\/wp\/v2\/media?parent=25248"}],"wp:term":[{"taxonomy":"category","embeddable":true,"href":"https:\/\/jornalcorporativo.com.br\/en\/wp-json\/wp\/v2\/categories?post=25248"},{"taxonomy":"post_tag","embeddable":true,"href":"https:\/\/jornalcorporativo.com.br\/en\/wp-json\/wp\/v2\/tags?post=25248"}],"curies":[{"name":"wp","href":"https:\/\/api.w.org\/{rel}","templated":true}]}}