{"id":25253,"date":"2026-04-26T20:00:54","date_gmt":"2026-04-26T23:00:54","guid":{"rendered":"https:\/\/jornalcorporativo.com.br\/redacao\/ataque-washington-trump-reacoes-lideres-mundiais\/"},"modified":"2026-04-26T20:00:54","modified_gmt":"2026-04-26T23:00:54","slug":"ataque-washington-trump-reacoes-lideres-mundiais","status":"publish","type":"post","link":"https:\/\/jornalcorporativo.com.br\/en\/internacional\/ataque-washington-trump-reacoes-lideres-mundiais\/","title":{"rendered":"Ataque armado contra Trump em Washington repercute globalmente: condena\u00e7\u00f5es de l\u00edderes de diversos pa\u00edses"},"content":{"rendered":"<h2>Incidente em gala de correspondentes mobiliza comunidade internacional<\/h2>\n<p>Um incidente de seguran\u00e7a ocorrido no s\u00e1bado em Washington, durante uma gala anual de correspondentes da Casa Branca, provocou rea\u00e7\u00f5es imediatas de l\u00edderes pol\u00edticos de todo o mundo. O presidente dos Estados Unidos, Donald Trump, foi retirado \u00e0s pressas do evento ap\u00f3s um atirador tentar invadir o local. Segundo as autoridades, o suspeito estava armado com uma escopeta, uma pistola e facas, representando uma amea\u00e7a significativa aos presentes, incluindo jornalistas credenciados e membros da administra\u00e7\u00e3o presidencial.<\/p>\n<p>O incidente ocorreu no mesmo estabelecimento onde o presidente Ronald Reagan sofreu um atentado em 1981, reacendendo preocupa\u00e7\u00f5es hist\u00f3ricas sobre a seguran\u00e7a de autoridades americanas. A r\u00e1pida a\u00e7\u00e3o do Servi\u00e7o Secreto dos Estados Unidos conseguiu conter a situa\u00e7\u00e3o antes que causasse v\u00edtimas entre os participantes do evento, embora um policial tenha sido ferido durante o confronto.<\/p>\n<h2>Manifesta\u00e7\u00f5es de solidariedade da Europa<\/h2>\n<p>L\u00edderes europeus n\u00e3o demoraram em expressar apoio ao presidente americano. O primeiro-ministro brit\u00e2nico, Keir Starmer, declarou estar <strong>chocado pelas cenas ocorridas<\/strong> e enfatizou que qualquer ataque \u00e0s institui\u00e7\u00f5es democr\u00e1ticas ou \u00e0 liberdade de imprensa deve ser condenado com m\u00e1xima veem\u00eancia. Emmanuel Macron, presidente franc\u00eas, tamb\u00e9m manifestou seu rep\u00fadio, afirmando que a viol\u00eancia nunca tem lugar em uma democracia e direcionando todo seu apoio a Trump.<\/p>\n<p>A chefe da diplomacia da Uni\u00e3o Europeia, Kaja Kallas, refor\u00e7ou que a viol\u00eancia pol\u00edtica \u00e9 incompat\u00edvel com os valores democr\u00e1ticos. Ela destacou que <strong>um evento destinado a homenagear a imprensa livre nunca deveria se transformar em cen\u00e1rio de terror<\/strong>. Pedro S\u00e1nchez, chefe do governo espanhol, tamb\u00e9m condenou o ataque, enfatizando que a humanidade s\u00f3 avan\u00e7ar\u00e1 atrav\u00e9s da democracia, conviv\u00eancia e paz.<\/p>\n<h2>Apoio do Oriente M\u00e9dio e \u00c1sia<\/h2>\n<p>Benjamin Netanyahu, primeiro-ministro de Israel, expressou estar chocado com a tentativa de assassinato contra Trump. Ele ressaltou que se encontrava aliviado pelo fato do presidente e da primeira-dama, Melania Trump, estarem s\u00e3os e salvos. Netanyahu tamb\u00e9m elogiou a rea\u00e7\u00e3o \u00e1gil e decisiva do Servi\u00e7o Secreto americano, desejando recupera\u00e7\u00e3o r\u00e1pida ao policial ferido.<\/p>\n<p>Narendra Modi, primeiro-ministro da \u00cdndia, tamb\u00e9m manifestou al\u00edvio pela seguran\u00e7a de Trump, sua esposa e do vice-presidente. Modi reiterou que a viol\u00eancia n\u00e3o tem lugar em uma democracia e deve ser condenada de maneira inequ\u00edvoca. O primeiro-ministro do Paquist\u00e3o, Shehbaz Sharif, afirmou ter ficado <strong>profundamente impactado<\/strong> com o incidente e direcionou seus pensamentos e ora\u00e7\u00f5es ao presidente americano.<\/p>\n<h2>Rea\u00e7\u00f5es da Am\u00e9rica Latina<\/h2>\n<p>A vice-presidente da Venezuela, Delcy Rodr\u00edguez, manifestou rejei\u00e7\u00e3o \u00e0 tentativa de agress\u00e3o contra Trump e sua esposa, estendendo desejos de boa vontade a todos os participantes da gala. Ela ressaltou que a viol\u00eancia nunca ser\u00e1 uma op\u00e7\u00e3o para quem defende as bandeiras da paz. A presidente do M\u00e9xico, Claudia Sheinbaum, afirmou que a viol\u00eancia nunca deve ser o caminho e enviou respeito ao presidente americano e sua esposa.<\/p>\n<p>Javier Milei, presidente da Argentina, atrav\u00e9s de sua oficina presidencial, expressou seu <strong>mais en\u00e9rgico rep\u00fadio<\/strong> \u00e0 tentativa de assassinato contra Trump. O governo argentino destacou ainda que o atirador foi detido antes de poder cometer seu atentado e causar v\u00edtimas fatais, demonstrando a efic\u00e1cia das medidas de seguran\u00e7a implementadas.<\/p>\n<h2>Posi\u00e7\u00f5es do Canad\u00e1 e outras na\u00e7\u00f5es<\/h2>\n<p>Mark Carney, primeiro-ministro canadense, tamb\u00e9m declarou estar aliviado pelo fato de Trump e os participantes da gala n\u00e3o terem sido feridos. Ele ressaltou que a viol\u00eancia pol\u00edtica n\u00e3o tem lugar na democracia, refor\u00e7ando um consenso internacional sobre a incompatibilidade entre atos violentos e institui\u00e7\u00f5es democr\u00e1ticas. Estas manifesta\u00e7\u00f5es globais refletem uma preocupa\u00e7\u00e3o compartilhada pelos l\u00edderes mundiais com a seguran\u00e7a de autoridades democr\u00e1ticas e a preserva\u00e7\u00e3o dos valores fundamentais das institui\u00e7\u00f5es livres.<\/p>","protected":false},"excerpt":{"rendered":"<p>Trump \u00e9 retirado \u00e0s pressas de gala em Washington ap\u00f3s ataque armado. Veja rea\u00e7\u00f5es de l\u00edderes mundiais condenando a viol\u00eancia contra o presidente.<\/p>","protected":false},"author":4,"featured_media":25250,"comment_status":"open","ping_status":"open","sticky":false,"template":"","format":"standard","meta":{"_crdt_document":"","footnotes":""},"categories":[2],"tags":[],"class_list":["post-25253","post","type-post","status-publish","format-standard","has-post-thumbnail","hentry","category-internacional"],"brizy_media":[],"_links":{"self":[{"href":"https:\/\/jornalcorporativo.com.br\/en\/wp-json\/wp\/v2\/posts\/25253","targetHints":{"allow":["GET"]}}],"collection":[{"href":"https:\/\/jornalcorporativo.com.br\/en\/wp-json\/wp\/v2\/posts"}],"about":[{"href":"https:\/\/jornalcorporativo.com.br\/en\/wp-json\/wp\/v2\/types\/post"}],"author":[{"embeddable":true,"href":"https:\/\/jornalcorporativo.com.br\/en\/wp-json\/wp\/v2\/users\/4"}],"replies":[{"embeddable":true,"href":"https:\/\/jornalcorporativo.com.br\/en\/wp-json\/wp\/v2\/comments?post=25253"}],"version-history":[{"count":0,"href":"https:\/\/jornalcorporativo.com.br\/en\/wp-json\/wp\/v2\/posts\/25253\/revisions"}],"wp:featuredmedia":[{"embeddable":true,"href":"https:\/\/jornalcorporativo.com.br\/en\/wp-json\/wp\/v2\/media\/25250"}],"wp:attachment":[{"href":"https:\/\/jornalcorporativo.com.br\/en\/wp-json\/wp\/v2\/media?parent=25253"}],"wp:term":[{"taxonomy":"category","embeddable":true,"href":"https:\/\/jornalcorporativo.com.br\/en\/wp-json\/wp\/v2\/categories?post=25253"},{"taxonomy":"post_tag","embeddable":true,"href":"https:\/\/jornalcorporativo.com.br\/en\/wp-json\/wp\/v2\/tags?post=25253"}],"curies":[{"name":"wp","href":"https:\/\/api.w.org\/{rel}","templated":true}]}}