{"id":25254,"date":"2026-04-26T20:00:54","date_gmt":"2026-04-26T23:00:54","guid":{"rendered":"https:\/\/jornalcorporativo.com.br\/redacao\/zelensky-acusa-russia-terrorismo-nuclear-40-anos-chernobyl\/"},"modified":"2026-04-26T20:00:54","modified_gmt":"2026-04-26T23:00:54","slug":"zelensky-acusa-russia-terrorismo-nuclear-40-anos-chernobyl","status":"publish","type":"post","link":"https:\/\/jornalcorporativo.com.br\/en\/internacional\/zelensky-acusa-russia-terrorismo-nuclear-40-anos-chernobyl\/","title":{"rendered":"Zelensky acusa R\u00fassia de terrorismo nuclear no 40\u00ba anivers\u00e1rio de Chernobyl: entenda o contexto"},"content":{"rendered":"<h2>A acusa\u00e7\u00e3o de terrorismo nuclear<\/h2>\n<p>O presidente da Ucr\u00e2nia, Volodymyr Zelensky, realizou neste domingo uma acusa\u00e7\u00e3o contundente contra a R\u00fassia, classificando suas a\u00e7\u00f5es como &#8220;terrorismo nuclear&#8221;. A declara\u00e7\u00e3o ocorreu em marca\u00e7\u00e3o solene dos 40 anos do desastre na usina de Chernobyl, ocorrido durante a era sovi\u00e9tica. Segundo Zelensky, a invas\u00e3o russa iniciada em 2022 reintroduz no cen\u00e1rio global o risco de cat\u00e1strofes provocadas pelo homem, elevando significativamente as preocupa\u00e7\u00f5es internacionais.<\/p>\n<p>Em suas palavras, o presidente ucraniano foi direto: &#8220;A R\u00fassia est\u00e1 mais uma vez levando ao mundo o fio de um desastre provocado pelo homem. O mundo n\u00e3o pode permitir que continue este terrorismo nuclear&#8221;. A acusa\u00e7\u00e3o representa uma escalada ret\u00f3rica no conflito, conectando a invas\u00e3o militar atual com riscos nucleares concretos que amea\u00e7am n\u00e3o apenas a Ucr\u00e2nia, mas toda a Europa.<\/p>\n<h2>Recordando o desastre hist\u00f3rico de Chernobyl<\/h2>\n<p>A data de 26 de abril de 2026 marca exatamente quatro d\u00e9cadas do acidente considerado <strong>o mais grave da hist\u00f3ria nuclear<\/strong>. \u00c0s 1h23 da manh\u00e3 de 26 de abril de 1986, uma falha catastr\u00f3fica durante um teste de seguran\u00e7a no reator 4 provocou uma explos\u00e3o devastadora que liberou grandes quantidades de material radioativo na atmosfera. O impacto foi imediato e duradouro, afetando diferentes regi\u00f5es da Europa e deixando cicatrizes que persistem at\u00e9 hoje.<\/p>\n<p>O desastre foi resultado de uma combina\u00e7\u00e3o letal de falhas estruturais no projeto do reator e erros humanos. Durante aproximadamente dez dias, o material radioativo continuou sendo liberado de forma cont\u00ednua, atingindo milh\u00f5es de pessoas. A exposi\u00e7\u00e3o \u00e0 radia\u00e7\u00e3o deixou sequelas geracionais, com consequ\u00eancias que atravessam d\u00e9cadas.<\/p>\n<h2>O legado de Pripyat: cidade fantasma<\/h2>\n<p>A cidade de Pripyat, constru\u00edda especificamente para abrigar trabalhadores da usina, foi evacuada emergencialmente e permanece at\u00e9 hoje desabitada. Tornou-se um s\u00edmbolo poderoso do impacto devastador da trag\u00e9dia nuclear, representando vidas interrompidas e comunidades inteiras deslocadas. Essa cidade fantasma serve como lembran\u00e7a permanente dos riscos inerentes \u00e0 energia nuclear quando sistemas de seguran\u00e7a falham.<\/p>\n<h2>Impacto global e preocupa\u00e7\u00f5es atuais<\/h2>\n<p>Quatro d\u00e9cadas depois, o legado de Chernobyl continua sendo tema de debate internacional intenso. A Organiza\u00e7\u00e3o das Na\u00e7\u00f5es Unidas tem reiterado consistentemente a import\u00e2ncia da mem\u00f3ria do desastre, que afetou diretamente territ\u00f3rios da Ucr\u00e2nia, Belarus e R\u00fassia, al\u00e9m de espalhar uma nuvem radioativa por grande parte do continente europeu. As implica\u00e7\u00f5es de sa\u00fade p\u00fablica e ambiental ainda s\u00e3o estudadas por cientistas em todo o mundo.<\/p>\n<p>O contexto atual adiciona novas e preocupantes dimens\u00f5es ao legado de Chernobyl. Desde o in\u00edcio da guerra, \u00e1reas pr\u00f3ximas \u00e0 usina foram palco de opera\u00e7\u00f5es militares e epis\u00f3dios que levantaram temores concretos sobre a seguran\u00e7a nuclear na regi\u00e3o. <strong>Especialistas apontam que instala\u00e7\u00f5es desse tipo exigem estabilidade absoluta e monitoramento cont\u00ednuo<\/strong>, condi\u00e7\u00f5es que ficam significativamente comprometidas em cen\u00e1rios de conflito armado.<\/p>\n<h2>Monitoramento internacional e desafios futuros<\/h2>\n<p>A Ag\u00eancia Internacional de Energia At\u00f4mica mant\u00e9m acompanhamento constante e rigoroso da \u00e1rea de Chernobyl, destacando que, apesar dos avan\u00e7os na conten\u00e7\u00e3o e prote\u00e7\u00e3o das estruturas, ainda h\u00e1 desafios t\u00e9cnicos de longo prazo relacionados \u00e0 radia\u00e7\u00e3o residual e \u00e0 preserva\u00e7\u00e3o adequada das estruturas de prote\u00e7\u00e3o. Esses desafios se tornam ainda mais complexos em tempos de conflito, quando as opera\u00e7\u00f5es de manuten\u00e7\u00e3o e monitoramento podem ser prejudicadas.<\/p>\n<p>A acusa\u00e7\u00e3o de Zelensky reflete preocupa\u00e7\u00f5es genu\u00ednas sobre os riscos que o conflito representa n\u00e3o apenas para a Ucr\u00e2nia, mas para toda a regi\u00e3o europeia e al\u00e9m, recordando ao mundo a import\u00e2ncia cr\u00edtica da estabilidade para a seguran\u00e7a nuclear global.<\/p>","protected":false},"excerpt":{"rendered":"<p>Zelensky acusa R\u00fassia de terrorismo nuclear no 40\u00ba anivers\u00e1rio de Chernobyl. Entenda o contexto e impacto do hist\u00f3rico desastre nuclear<\/p>","protected":false},"author":4,"featured_media":25251,"comment_status":"open","ping_status":"open","sticky":false,"template":"","format":"standard","meta":{"_crdt_document":"","footnotes":""},"categories":[2],"tags":[],"class_list":["post-25254","post","type-post","status-publish","format-standard","has-post-thumbnail","hentry","category-internacional"],"brizy_media":[],"_links":{"self":[{"href":"https:\/\/jornalcorporativo.com.br\/en\/wp-json\/wp\/v2\/posts\/25254","targetHints":{"allow":["GET"]}}],"collection":[{"href":"https:\/\/jornalcorporativo.com.br\/en\/wp-json\/wp\/v2\/posts"}],"about":[{"href":"https:\/\/jornalcorporativo.com.br\/en\/wp-json\/wp\/v2\/types\/post"}],"author":[{"embeddable":true,"href":"https:\/\/jornalcorporativo.com.br\/en\/wp-json\/wp\/v2\/users\/4"}],"replies":[{"embeddable":true,"href":"https:\/\/jornalcorporativo.com.br\/en\/wp-json\/wp\/v2\/comments?post=25254"}],"version-history":[{"count":0,"href":"https:\/\/jornalcorporativo.com.br\/en\/wp-json\/wp\/v2\/posts\/25254\/revisions"}],"wp:featuredmedia":[{"embeddable":true,"href":"https:\/\/jornalcorporativo.com.br\/en\/wp-json\/wp\/v2\/media\/25251"}],"wp:attachment":[{"href":"https:\/\/jornalcorporativo.com.br\/en\/wp-json\/wp\/v2\/media?parent=25254"}],"wp:term":[{"taxonomy":"category","embeddable":true,"href":"https:\/\/jornalcorporativo.com.br\/en\/wp-json\/wp\/v2\/categories?post=25254"},{"taxonomy":"post_tag","embeddable":true,"href":"https:\/\/jornalcorporativo.com.br\/en\/wp-json\/wp\/v2\/tags?post=25254"}],"curies":[{"name":"wp","href":"https:\/\/api.w.org\/{rel}","templated":true}]}}