{"id":25262,"date":"2026-04-27T00:01:12","date_gmt":"2026-04-27T03:01:12","guid":{"rendered":"https:\/\/jornalcorporativo.com.br\/redacao\/atletico-mg-x-flamengo-onde-assistir-horario-escalacoes\/"},"modified":"2026-04-27T00:01:12","modified_gmt":"2026-04-27T03:01:12","slug":"atletico-mg-x-flamengo-onde-assistir-horario-escalacoes","status":"publish","type":"post","link":"https:\/\/jornalcorporativo.com.br\/en\/esportes\/atletico-mg-x-flamengo-onde-assistir-horario-escalacoes\/","title":{"rendered":"Atl\u00e9tico-MG x Flamengo: Hor\u00e1rio, Onde Assistir e Escala\u00e7\u00f5es do Jogo do Brasileir\u00e3o"},"content":{"rendered":"<h2>Atl\u00e9tico-MG enfrenta Flamengo pela 13\u00aa rodada do Brasileir\u00e3o<\/h2>\n<p>O <strong>Flamengo<\/strong> chega para o confronto deste domingo em excelente fase, acumulando <strong>seis vit\u00f3rias consecutivas<\/strong> na temporada. O rubro-negro se posiciona como <strong>vice-l\u00edder do Campeonato Brasileiro<\/strong>, contabilizando 23 pontos conquistados at\u00e9 o momento. J\u00e1 o <strong>Atl\u00e9tico-MG<\/strong> busca reagir na competi\u00e7\u00e3o, ocupando uma posi\u00e7\u00e3o mais modesta na tabela com 14 pontos, precisando urgentemente de um resultado positivo para se afastar da zona de rebaixamento.<\/p>\n<h2>Informa\u00e7\u00f5es Essenciais do Jogo<\/h2>\n<h3>Hor\u00e1rio e Local<\/h3>\n<p>A partida entre Atl\u00e9tico-MG e Flamengo est\u00e1 marcada para <strong>este domingo, \u00e0s 20h30 (hor\u00e1rio de Bras\u00edlia)<\/strong>. O confronto acontecer\u00e1 na <strong>Arena MRV, em Belo Horizonte (MG)<\/strong>, que promete ser um palco quente para o enfrentamento entre as duas equipes. Este \u00e9 um jogo v\u00e1lido pela <strong>13\u00aa rodada do Campeonato Brasileiro<\/strong>, um dos momentos mais importantes da temporada.<\/p>\n<h3>Onde Assistir ao Vivo<\/h3>\n<p>Os torcedores que desejam acompanhar o jogo em tempo real t\u00eam duas op\u00e7\u00f5es de transmiss\u00e3o dispon\u00edveis. A partida ser\u00e1 exibida pela <strong>Sportv<\/strong>, que oferece cobertura atrav\u00e9s da televis\u00e3o fechada para assinantes. Al\u00e9m disso, tamb\u00e9m est\u00e1 dispon\u00edvel pelo <strong>Premiere<\/strong>, plataforma de pay-per-view que permite acesso ao jogo mediante pagamento individual.<\/p>\n<h2>Escala\u00e7\u00f5es Confirmadas<\/h2>\n<h3>Atl\u00e9tico-MG<\/h3>\n<p>O t\u00e9cnico <strong>Eduardo Dom\u00ednguez<\/strong> deve escalar o Atl\u00e9tico-MG com a seguinte forma\u00e7\u00e3o: <strong>Everson<\/strong> na defesa; <strong>Preciado (Natanael)<\/strong>, <strong>Ruan Tressoldi<\/strong>, <strong>Lyanco<\/strong> e <strong>Junior Alonso (Kau\u00e3 Pascini)<\/strong> na linha defensiva; <strong>Alan Franco<\/strong>, <strong>Maycon<\/strong> e <strong>Victor Hugo<\/strong> no meio de campo; <strong>Cuello<\/strong>, <strong>Reinier (Cassierra)<\/strong> e <strong>Hulk<\/strong> na linha ofensiva.<\/p>\n<h3>Flamengo<\/h3>\n<p>Sob o comando de <strong>Leonardo Jardim<\/strong>, o Flamengo apresentar\u00e1 a seguinte escala\u00e7\u00e3o: <strong>Rossi<\/strong> entre os postes; <strong>Varela<\/strong>, <strong>L\u00e9o Ortiz (Vit\u00e3o)<\/strong>, <strong>L\u00e9o Pereira<\/strong> e <strong>Alex Sandro<\/strong> na defesa; <strong>Evertton Ara\u00fajo<\/strong>, <strong>Jorginho (Sa\u00fal)<\/strong> e <strong>Arrascaeta<\/strong> no meio-campo; <strong>Plata<\/strong>, <strong>Pedro<\/strong> e <strong>Samuel Lino<\/strong> no ataque.<\/p>\n<h2>Detalhes da Arbitragem<\/h2>\n<p>A partida ser\u00e1 conduzida pelo \u00e1rbitro <strong>Rafael Rodrigo Klein<\/strong>, origin\u00e1rio do Rio Grande do Sul. Seus assistentes ser\u00e3o <strong>Danilo Ricardo Simon Manis<\/strong>, de S\u00e3o Paulo, e <strong>Maira Mastella Moreira<\/strong>, tamb\u00e9m do Rio Grande do Sul. O <strong>VAR (\u00e1rbitro de v\u00eddeo)<\/strong> ficar\u00e1 a cargo de <strong>Caio Max Augusto Vieira<\/strong>, sediado em Goi\u00e1s. Esta estrutura de arbitragem garante um jogo fiscalizado com rigor e transpar\u00eancia.<\/p>","protected":false},"excerpt":{"rendered":"<p>Atl\u00e9tico-MG x Flamengo: confira hor\u00e1rio, transmiss\u00e3o ao vivo, escala\u00e7\u00f5es e informa\u00e7\u00f5es do jogo do Brasileir\u00e3o neste domingo.<\/p>","protected":false},"author":4,"featured_media":25257,"comment_status":"open","ping_status":"open","sticky":false,"template":"","format":"standard","meta":{"_crdt_document":"","footnotes":""},"categories":[6],"tags":[],"class_list":["post-25262","post","type-post","status-publish","format-standard","has-post-thumbnail","hentry","category-esportes"],"brizy_media":[],"_links":{"self":[{"href":"https:\/\/jornalcorporativo.com.br\/en\/wp-json\/wp\/v2\/posts\/25262","targetHints":{"allow":["GET"]}}],"collection":[{"href":"https:\/\/jornalcorporativo.com.br\/en\/wp-json\/wp\/v2\/posts"}],"about":[{"href":"https:\/\/jornalcorporativo.com.br\/en\/wp-json\/wp\/v2\/types\/post"}],"author":[{"embeddable":true,"href":"https:\/\/jornalcorporativo.com.br\/en\/wp-json\/wp\/v2\/users\/4"}],"replies":[{"embeddable":true,"href":"https:\/\/jornalcorporativo.com.br\/en\/wp-json\/wp\/v2\/comments?post=25262"}],"version-history":[{"count":0,"href":"https:\/\/jornalcorporativo.com.br\/en\/wp-json\/wp\/v2\/posts\/25262\/revisions"}],"wp:featuredmedia":[{"embeddable":true,"href":"https:\/\/jornalcorporativo.com.br\/en\/wp-json\/wp\/v2\/media\/25257"}],"wp:attachment":[{"href":"https:\/\/jornalcorporativo.com.br\/en\/wp-json\/wp\/v2\/media?parent=25262"}],"wp:term":[{"taxonomy":"category","embeddable":true,"href":"https:\/\/jornalcorporativo.com.br\/en\/wp-json\/wp\/v2\/categories?post=25262"},{"taxonomy":"post_tag","embeddable":true,"href":"https:\/\/jornalcorporativo.com.br\/en\/wp-json\/wp\/v2\/tags?post=25262"}],"curies":[{"name":"wp","href":"https:\/\/api.w.org\/{rel}","templated":true}]}}