{"id":25271,"date":"2026-04-27T04:00:54","date_gmt":"2026-04-27T07:00:54","guid":{"rendered":"https:\/\/jornalcorporativo.com.br\/redacao\/fas-de-shakira-copacabana-coreografia-waka-waka\/"},"modified":"2026-04-27T04:00:54","modified_gmt":"2026-04-27T07:00:54","slug":"fas-de-shakira-copacabana-coreografia-waka-waka","status":"publish","type":"post","link":"https:\/\/jornalcorporativo.com.br\/en\/noticias\/fas-de-shakira-copacabana-coreografia-waka-waka\/","title":{"rendered":"F\u00e3s de Shakira se re\u00fanem em Copacabana para aprender coreografia de Waka Waka antes do show"},"content":{"rendered":"<h2>Encontro em Copacabana: Celebrando Shakira com dan\u00e7a e energia positiva<\/h2>\n<p>A menos de uma semana para o aguardado show de Shakira em Copacabana, um grupo de ao menos 60 pessoas se reuniu no Posto 3, na Avenida Atl\u00e2ntica, para aprender a emblem\u00e1tica coreografia de <strong>Waka Waka<\/strong>, o tema oficial da Copa do Mundo de 2010. O encontro gratuito aconteceu neste domingo, com aulas ministradas pelos professores Esther Lobo e Christian Bazano em dois hor\u00e1rios distintos, demonstrando a paix\u00e3o dos f\u00e3s pela artista colombiana.<\/p>\n<p>Apesar do calor intenso de 30\u00b0C, o clima foi de festa e celebra\u00e7\u00e3o. Duas caixas de som foram montadas na Avenida Atl\u00e2ntica, sentido Leme, reunindo f\u00e3s dedicadas da cantora, amantes de dan\u00e7a e curiosos. A primeira aula come\u00e7ou \u00e0s 9h, seguida por uma segunda sess\u00e3o \u00e0s 11h, permitindo que mais pessoas pudessem participar dessa experi\u00eancia \u00fanica de prepara\u00e7\u00e3o para o show do pr\u00f3ximo s\u00e1bado.<\/p>\n<h2>Hist\u00f3rias de paix\u00e3o pela m\u00fasica de Shakira<\/h2>\n<p>Entre os participantes estava J\u00falia Mello, de 29 anos, uma cientista que homenageou a cantora com uma camiseta estampada com o rosto de Shakira e a frase <strong>&#8220;Las Mujeres ya no Lloran&#8221;<\/strong>, nome do \u00e1lbum lan\u00e7ado em 2024. J\u00falia descobriu o trabalho da artista colombiana ainda na inf\u00e2ncia, quando visitava a casa de sua tia e compartilhavam o CD &#8220;The Remixes&#8221; de 1997. Desde ent\u00e3o, se apaixonou pela m\u00fasica &#8220;Estoy Aqu\u00ed&#8221; e reconhece que aprendeu espanhol ouvindo as m\u00fasicas de Shakira.<\/p>\n<p>A dedica\u00e7\u00e3o de J\u00falia \u00e9 t\u00e3o grande que ela reservou um hotel em Copacabana especialmente para aproveitar o show com mais calma. Moradora de Marechal Hermes, na Zona Norte do Rio, ela estar\u00e1 acompanhada por amigos que fazem parte de um f\u00e3 clube da artista. Apesar de considerar a coreografia de <strong>Waka Waka<\/strong> bastante desafiadora pelos movimentos r\u00e1pidos e frequentes mudan\u00e7as, J\u00falia n\u00e3o deixou de se divertir aprendendo os passos.<\/p>\n<h2>Preparativos criativos para o grande evento<\/h2>\n<p>Thalia Cruz, de 28 anos, tamb\u00e9m marcou presen\u00e7a nas aulas. T\u00e3o envolvida com a experi\u00eancia, ela decidiu participar dos dois hor\u00e1rios de ensino. Natural do Maranh\u00e3o, mas moradora da Tijuca, Thalia confessa que sua paix\u00e3o pela m\u00fasica em espanhol \u00e9 tanta que seus amigos brincam sobre sua &#8220;bolha ser espanhola&#8221;. Al\u00e9m de Shakira, ela acompanha Carol G, Enrique Iglesias, Rauw Alejandro e Rosal\u00eda.<\/p>\n<p>Para o show de s\u00e1bado, Thalia est\u00e1 criando um vestido artesanal nos tons de bege repleto de mi\u00e7angas, com o objetivo de fazer bastante barulho durante as dan\u00e7as. Esse tipo de prepara\u00e7\u00e3o criativa evidencia o quanto os f\u00e3s se dedicam a tornar a experi\u00eancia memor\u00e1vel e especial.<\/p>\n<h2>A energia contagiante do evento<\/h2>\n<p>Paulo Reis, de 33 anos, era um dos dan\u00e7arinos mais animados do grupo, posicionado na \u00faltima fileira. Sua energia foi t\u00e3o contagiante que foi mencionada pelos professores atrav\u00e9s do microfone. Mineiro que chegou ao Rio h\u00e1 10 anos para trabalhar como volunt\u00e1rio nas Olimp\u00edadas de 2016, Paulo considera o show de Shakira como um presente de anivers\u00e1rio por sua d\u00e9cada na cidade. Ele comenta com bom-humor que v\u00ea Shakira como &#8220;uma mineira da Col\u00f4mbia&#8221; e at\u00e9 brinca sobre sua paix\u00e3o por p\u00e3o de queijo.<\/p>\n<p>Luciene Batista, de 48 anos, tamb\u00e9m participou de ambas as aulas e demonstrou entusiasmo ao explicar o segredo para dan\u00e7ar bem: &#8220;se soltar&#8221;. Com uma saia de mi\u00e7angas amarrada sobre uma legging, ela ressaltou que \u00e9 imposs\u00edvel ouvir as m\u00fasicas de Shakira e n\u00e3o balan\u00e7ar o corpo. A energia, o gingado e a voz da artista criam uma vibe irresist\u00edvel que convida \u00e0 dan\u00e7a.<\/p>\n<h2>Contagem regressiva para o show<\/h2>\n<p>Esses encontros em Copacabana revelam a import\u00e2ncia que Shakira mant\u00e9m na vida de seus f\u00e3s. A artista colombiana continua sendo uma figura central na m\u00fasica latina, capaz de mobilizar centenas de pessoas para aprender suas coreografias cl\u00e1ssicas. O show do pr\u00f3ximo s\u00e1bado promete ser um momento inesquec\u00edvel, reunindo pessoas de diferentes idades, regi\u00f5es e experi\u00eancias, todas unidas pela paix\u00e3o pela m\u00fasica e pelo esp\u00edrito de celebra\u00e7\u00e3o que Shakira representa.<\/p>","protected":false},"excerpt":{"rendered":"<p>F\u00e3s de Shakira se re\u00fanem em Copacabana para aprender coreografia de Waka Waka antes do show na praia carioca.<\/p>","protected":false},"author":4,"featured_media":25266,"comment_status":"open","ping_status":"open","sticky":false,"template":"","format":"standard","meta":{"_crdt_document":"","footnotes":""},"categories":[269],"tags":[],"class_list":["post-25271","post","type-post","status-publish","format-standard","has-post-thumbnail","hentry","category-noticias"],"brizy_media":[],"_links":{"self":[{"href":"https:\/\/jornalcorporativo.com.br\/en\/wp-json\/wp\/v2\/posts\/25271","targetHints":{"allow":["GET"]}}],"collection":[{"href":"https:\/\/jornalcorporativo.com.br\/en\/wp-json\/wp\/v2\/posts"}],"about":[{"href":"https:\/\/jornalcorporativo.com.br\/en\/wp-json\/wp\/v2\/types\/post"}],"author":[{"embeddable":true,"href":"https:\/\/jornalcorporativo.com.br\/en\/wp-json\/wp\/v2\/users\/4"}],"replies":[{"embeddable":true,"href":"https:\/\/jornalcorporativo.com.br\/en\/wp-json\/wp\/v2\/comments?post=25271"}],"version-history":[{"count":0,"href":"https:\/\/jornalcorporativo.com.br\/en\/wp-json\/wp\/v2\/posts\/25271\/revisions"}],"wp:featuredmedia":[{"embeddable":true,"href":"https:\/\/jornalcorporativo.com.br\/en\/wp-json\/wp\/v2\/media\/25266"}],"wp:attachment":[{"href":"https:\/\/jornalcorporativo.com.br\/en\/wp-json\/wp\/v2\/media?parent=25271"}],"wp:term":[{"taxonomy":"category","embeddable":true,"href":"https:\/\/jornalcorporativo.com.br\/en\/wp-json\/wp\/v2\/categories?post=25271"},{"taxonomy":"post_tag","embeddable":true,"href":"https:\/\/jornalcorporativo.com.br\/en\/wp-json\/wp\/v2\/tags?post=25271"}],"curies":[{"name":"wp","href":"https:\/\/api.w.org\/{rel}","templated":true}]}}