{"id":25272,"date":"2026-04-27T04:00:57","date_gmt":"2026-04-27T07:00:57","guid":{"rendered":"https:\/\/jornalcorporativo.com.br\/redacao\/rei-brega-funk-baleado-sp-aumento-roubos-celular\/"},"modified":"2026-04-27T04:00:57","modified_gmt":"2026-04-27T07:00:57","slug":"rei-brega-funk-baleado-sp-aumento-roubos-celular","status":"publish","type":"post","link":"https:\/\/jornalcorporativo.com.br\/en\/brasil\/rei-brega-funk-baleado-sp-aumento-roubos-celular\/","title":{"rendered":"Rei do Brega Funk Baleado em SP: Zona Sul Registra 33% de Aumento em Roubos de Celular"},"content":{"rendered":"<h2>Ataque a Tiros no T\u00fanel Max Feffer<\/h2>\n<p>O cantor Anderson Neiff, conhecido nacionalmente como o &#8220;rei do brega funk&#8221;, foi v\u00edtima de um ataque a tiros na manh\u00e3 de domingo (26) no T\u00fanel Max Feffer, localizado na Zona Sul de S\u00e3o Paulo, abaixo da Avenida Cidade Jardim. O incidente ocorreu quando o artista e sua banda retornavam de uma apresenta\u00e7\u00e3o em Santo Amaro rumo a um hotel no centro da capital.<\/p>\n<p>De acordo com relatos de testemunhas, tr\u00eas homens em uma motocicleta se aproximaram da van que transportava o grupo musical e efetuaram disparos. Anderson Neiff foi atingido por fragmentos de proj\u00e9til na regi\u00e3o do ombro e foi prontamente encaminhado ao Hospital S\u00edrio-Liban\u00eas, na regi\u00e3o central. As autoridades ainda n\u00e3o divulgaram atualiza\u00e7\u00f5es oficiais sobre seu estado de sa\u00fade.<\/p>\n<h2>Investiga\u00e7\u00f5es e Seguran\u00e7a na Regi\u00e3o<\/h2>\n<p>O crime foi registrado no 14\u00ba Distrito Policial e segue sendo investigado pela Pol\u00edcia Civil. Os suspeitos n\u00e3o foram localizados at\u00e9 o momento. A passagem subterr\u00e2nea onde ocorreu o ataque \u00e9 uma regi\u00e3o que apresenta preocupa\u00e7\u00f5es crescentes com seguran\u00e7a p\u00fablica, conforme demonstram dados estat\u00edsticos recentes.<\/p>\n<p>Segundo informa\u00e7\u00f5es do <strong>Mapa do Crime SP<\/strong>, ferramenta interativa desenvolvida pelo GLOBO, a Avenida Cidade Jardim registrou um aumento de <strong>33% nos roubos de celular nos \u00faltimos dois anos<\/strong>. Este dado evidencia um padr\u00e3o preocupante de criminalidade que afeta tanto moradores quanto visitantes da \u00e1rea.<\/p>\n<h3>Circunst\u00e2ncias do Incidente<\/h3>\n<p>O ataque ocorreu por volta das 6h30, em hor\u00e1rio matutino. A banda havia acabado de cumprir compromisso art\u00edstico em Santo Amaro quando sofreu o ataque durante o trajeto. O epis\u00f3dio levanta quest\u00f5es importantes sobre seguran\u00e7a no deslocamento de profissionais do entretenimento ap\u00f3s apresenta\u00e7\u00f5es musicais na regi\u00e3o metropolitana.<\/p>\n<h2>Trajet\u00f3ria de Anderson Neiff no Cen\u00e1rio Musical<\/h2>\n<p>Natural do Nordeste, Anderson Neiff construiu sua carreira de forma independente, consolidando notoriedade atrav\u00e9s das redes sociais. O artista se destacou ao divulgar m\u00fasicas autorais, conte\u00fados sobre sua rotina, bastidores da profiss\u00e3o e estilo de vida, desenvolvendo uma linguagem direta que encontrou grande receptividade no p\u00fablico jovem.<\/p>\n<h3>O Brega Funk como Identidade Art\u00edstica<\/h3>\n<p>A identidade art\u00edstica de Neiff est\u00e1 intrinsecamente ligada ao chamado &#8220;brega do funk&#8221;, uma vertente musical inovadora que combina as <strong>batidas caracter\u00edsticas do funk com elementos mel\u00f3dicos mais sofisticados e letras sentimentais<\/strong>. Esta proposta diferenciada, tamb\u00e9m influenciada pelo trap, permitiu que o cantor se destacasse em um cen\u00e1rio competitivo e altamente saturado.<\/p>\n<p>Sua atua\u00e7\u00e3o profissional abrange apresenta\u00e7\u00f5es em diversas regi\u00f5es do pa\u00eds, com crescente visibilidade no circuito de shows. Anderson Neiff tornou-se um dos principais representantes da expans\u00e3o do subg\u00eanero, conquistando uma base expressiva de seguidores, especialmente entre faixas et\u00e1rias mais jovens que acompanham sua produ\u00e7\u00e3o atrav\u00e9s de plataformas digitais.<\/p>\n<h2>Impacto do Incidente na Carreira<\/h2>\n<p>O epis\u00f3dio de viol\u00eancia deste domingo interrompe temporariamente a agenda art\u00edstica de Anderson Neiff e intensifica discuss\u00f5es sobre os riscos enfrentados por profissionais do entretenimento. O incidente ressalta a necessidade de medidas efetivas de seguran\u00e7a para artistas em trajetos urbanos, especialmente em regi\u00f5es com \u00edndices elevados de criminalidade, como demonstrado pelos dados do Mapa do Crime SP na regi\u00e3o onde o ataque ocorreu.<\/p>","protected":false},"excerpt":{"rendered":"<p>Anderson Neiff, rei do brega funk, baleado em SP. Regi\u00e3o teve 33% de aumento em roubos de celular. Confira detalhes do incidente.<\/p>","protected":false},"author":4,"featured_media":25268,"comment_status":"open","ping_status":"open","sticky":false,"template":"","format":"standard","meta":{"_crdt_document":"","footnotes":""},"categories":[36],"tags":[],"class_list":["post-25272","post","type-post","status-publish","format-standard","has-post-thumbnail","hentry","category-brasil"],"brizy_media":[],"_links":{"self":[{"href":"https:\/\/jornalcorporativo.com.br\/en\/wp-json\/wp\/v2\/posts\/25272","targetHints":{"allow":["GET"]}}],"collection":[{"href":"https:\/\/jornalcorporativo.com.br\/en\/wp-json\/wp\/v2\/posts"}],"about":[{"href":"https:\/\/jornalcorporativo.com.br\/en\/wp-json\/wp\/v2\/types\/post"}],"author":[{"embeddable":true,"href":"https:\/\/jornalcorporativo.com.br\/en\/wp-json\/wp\/v2\/users\/4"}],"replies":[{"embeddable":true,"href":"https:\/\/jornalcorporativo.com.br\/en\/wp-json\/wp\/v2\/comments?post=25272"}],"version-history":[{"count":0,"href":"https:\/\/jornalcorporativo.com.br\/en\/wp-json\/wp\/v2\/posts\/25272\/revisions"}],"wp:featuredmedia":[{"embeddable":true,"href":"https:\/\/jornalcorporativo.com.br\/en\/wp-json\/wp\/v2\/media\/25268"}],"wp:attachment":[{"href":"https:\/\/jornalcorporativo.com.br\/en\/wp-json\/wp\/v2\/media?parent=25272"}],"wp:term":[{"taxonomy":"category","embeddable":true,"href":"https:\/\/jornalcorporativo.com.br\/en\/wp-json\/wp\/v2\/categories?post=25272"},{"taxonomy":"post_tag","embeddable":true,"href":"https:\/\/jornalcorporativo.com.br\/en\/wp-json\/wp\/v2\/tags?post=25272"}],"curies":[{"name":"wp","href":"https:\/\/api.w.org\/{rel}","templated":true}]}}