{"id":25273,"date":"2026-04-27T04:00:57","date_gmt":"2026-04-27T07:00:57","guid":{"rendered":"https:\/\/jornalcorporativo.com.br\/redacao\/anderson-neiff-rei-brega-funk-baleado-sao-paulo\/"},"modified":"2026-04-27T04:00:57","modified_gmt":"2026-04-27T07:00:57","slug":"anderson-neiff-rei-brega-funk-baleado-sao-paulo","status":"publish","type":"post","link":"https:\/\/jornalcorporativo.com.br\/en\/brasil\/anderson-neiff-rei-brega-funk-baleado-sao-paulo\/","title":{"rendered":"Anderson Neiff, rei do brega funk, \u00e9 baleado em S\u00e3o Paulo ap\u00f3s show; artista segue internado"},"content":{"rendered":"<h2>Ataque a cantor ap\u00f3s apresenta\u00e7\u00e3o em S\u00e3o Paulo<\/h2>\n<p>Anderson Neiff, conhecido nacionalmente como &#8216;rei do brega funk&#8217;, foi atingido por fragmentos de proj\u00e9til no ombro durante a madrugada do domingo, 26 de janeiro, quando o ve\u00edculo que o transportava sofreu disparos de arma de fogo em S\u00e3o Paulo. O incidente ocorreu logo ap\u00f3s o t\u00e9rmino de um show realizado em Santo Amaro, na Zona Sul da capital paulista, quando o artista e sua equipe t\u00e9cnica seguiam em dire\u00e7\u00e3o a um hotel no centro da cidade.<\/p>\n<p>O cantor foi imediatamente encaminhado ao Hospital S\u00edrio-Liban\u00eas, localizado na regi\u00e3o central de S\u00e3o Paulo, onde permanece internado em observa\u00e7\u00e3o cl\u00ednica rigorosa. De acordo com comunicado divulgado pela assessoria jur\u00eddica do artista, assinado pelo advogado Rafael Fran\u00e7a Lira, Neiff aguarda transfer\u00eancia para o bloco cir\u00fargico para realiza\u00e7\u00e3o dos procedimentos necess\u00e1rios visando a estabiliza\u00e7\u00e3o de seu estado de sa\u00fade.<\/p>\n<h2>Detalhes do crime e investiga\u00e7\u00e3o<\/h2>\n<p>O ataque foi registrado no T\u00fanel Max Feffer, localizado na Zona Sul de S\u00e3o Paulo, uma passagem subterr\u00e2nea que fica abaixo da Avenida Cidade Jardim. Conforme informa\u00e7\u00f5es preliminares, o crime ocorreu aproximadamente \u00e0s 6h30 da manh\u00e3. Testemunhas relataram que tr\u00eas homens em uma motocicleta se aproximaram do ve\u00edculo e efetuaram v\u00e1rios disparos antes de fugir do local.<\/p>\n<p>Al\u00e9m de Anderson Neiff, outros integrantes da equipe do cantor estavam dentro do ve\u00edculo no momento do ataque. O caso foi registrado no 14\u00ba Distrito Policial e \u00e9 investigado pela Pol\u00edcia Civil de S\u00e3o Paulo. At\u00e9 o momento, os suspeitos ainda n\u00e3o foram localizados pelas autoridades.<\/p>\n<h3>Contexto de seguran\u00e7a na regi\u00e3o<\/h3>\n<p>A Avenida Cidade Jardim, onde o t\u00fanel est\u00e1 localizado, registrou um aumento de 33% nos roubos de celular nos \u00faltimos dois anos, segundo dados compilados pelo Mapa do Crime SP, ferramenta interativa mantida pela Globo. Este incidente levanta questionamentos importantes sobre a seguran\u00e7a no deslocamento de m\u00fasicos e artistas ap\u00f3s apresenta\u00e7\u00f5es na capital paulista.<\/p>\n<h2>A trajet\u00f3ria de Anderson Neiff<\/h2>\n<p>Natural do Nordeste, Anderson Neiff conquistou notoriedade nacional atrav\u00e9s das redes sociais, onde passou a divulgar suas m\u00fasicas autorais, conte\u00fados sobre sua rotina, bastidores da carreira e estilo de vida. Com uma linguagem direta e forte presen\u00e7a digital, o artista consolidou uma base de f\u00e3s expressiva, especialmente entre o p\u00fablico jovem.<\/p>\n<p>Sua identidade art\u00edstica est\u00e1 intimamente ligada ao chamado <strong>&#8216;brega do funk&#8217;<\/strong>, uma vertente musical que mistura as batidas caracter\u00edsticas do funk com elementos mais mel\u00f3dicos e letras sentimentais. Esta proposta diferenciada ajudou a distinguir seu trabalho dentro de um cen\u00e1rio competitivo e o aproximou tamb\u00e9m de influ\u00eancias do trap.<\/p>\n<p>Construindo sua carreira de forma independente, Neiff se tornou um dos principais nomes associados \u00e0 expans\u00e3o desse subg\u00eanero musical. O artista realizava apresenta\u00e7\u00f5es em diferentes regi\u00f5es do pa\u00eds e acumulava crescente visibilidade no circuito de shows. O epis\u00f3dio de viol\u00eancia ocorrido neste domingo interrompe temporariamente a agenda de shows do cantor e evidencia os riscos de seguran\u00e7a enfrentados por m\u00fasicos em seus deslocamentos pela cidade.<\/p>","protected":false},"excerpt":{"rendered":"<p>Anderson Neiff, rei do brega funk, \u00e9 baleado em S\u00e3o Paulo ap\u00f3s show e segue internado no Hospital S\u00edrio-Liban\u00eas. Pol\u00edcia investiga crime.<\/p>","protected":false},"author":4,"featured_media":25267,"comment_status":"open","ping_status":"open","sticky":false,"template":"","format":"standard","meta":{"_crdt_document":"","footnotes":""},"categories":[36],"tags":[],"class_list":["post-25273","post","type-post","status-publish","format-standard","has-post-thumbnail","hentry","category-brasil"],"brizy_media":[],"_links":{"self":[{"href":"https:\/\/jornalcorporativo.com.br\/en\/wp-json\/wp\/v2\/posts\/25273","targetHints":{"allow":["GET"]}}],"collection":[{"href":"https:\/\/jornalcorporativo.com.br\/en\/wp-json\/wp\/v2\/posts"}],"about":[{"href":"https:\/\/jornalcorporativo.com.br\/en\/wp-json\/wp\/v2\/types\/post"}],"author":[{"embeddable":true,"href":"https:\/\/jornalcorporativo.com.br\/en\/wp-json\/wp\/v2\/users\/4"}],"replies":[{"embeddable":true,"href":"https:\/\/jornalcorporativo.com.br\/en\/wp-json\/wp\/v2\/comments?post=25273"}],"version-history":[{"count":0,"href":"https:\/\/jornalcorporativo.com.br\/en\/wp-json\/wp\/v2\/posts\/25273\/revisions"}],"wp:featuredmedia":[{"embeddable":true,"href":"https:\/\/jornalcorporativo.com.br\/en\/wp-json\/wp\/v2\/media\/25267"}],"wp:attachment":[{"href":"https:\/\/jornalcorporativo.com.br\/en\/wp-json\/wp\/v2\/media?parent=25273"}],"wp:term":[{"taxonomy":"category","embeddable":true,"href":"https:\/\/jornalcorporativo.com.br\/en\/wp-json\/wp\/v2\/categories?post=25273"},{"taxonomy":"post_tag","embeddable":true,"href":"https:\/\/jornalcorporativo.com.br\/en\/wp-json\/wp\/v2\/tags?post=25273"}],"curies":[{"name":"wp","href":"https:\/\/api.w.org\/{rel}","templated":true}]}}